{"id":9576,"date":"2018-07-25T10:46:56","date_gmt":"2018-07-25T10:46:56","guid":{"rendered":"http:\/\/www.burritabike.com\/?p=9576"},"modified":"2018-07-25T10:46:56","modified_gmt":"2018-07-25T10:46:56","slug":"ya-esta-aqui-la-equipacion-2018-burrita-bike-store","status":"publish","type":"post","link":"https:\/\/www.burritabike.com\/?p=9576","title":{"rendered":"YA EST\u00c1 AQU\u00cd LA  EQUIPACI\u00d3N DE VERANO 2018 BURRITA BIKE STORE"},"content":{"rendered":"<h3>Ya tenemos disponible en tienda las equipaciones de verano 2018 de Burrita Bike Store.<\/h3>\n<h4>Equipar correctamente a un ciclista no es tarea f\u00e1cil y satisfacer sus altas exigencias lo es a\u00fan un menos.<\/h4>\n<h5>Con nuestra equipaci\u00f3n de verano, un a\u00f1o m\u00e1s, hemos trabajado duro para crear ropa ciclista con altos est\u00e1ndares de excelencia y con una relaci\u00f3n calidad-precio inmejorable.<\/h5>\n<p>Nuestras equipaciones de verano son una muestra de la elegancia del dise\u00f1o italiano: sus\u00a0acabados son finos y han sido confeccionados especialmente con el objetivo de ofrecer la mejor comodidad al ciclista.<\/p>\n<p><a href=\"http:\/\/www.burritabike.com\/wp-content\/uploads\/2018\/07\/equipacion-1.png\"><img decoding=\"async\" loading=\"lazy\" class=\"alignnone size-medium wp-image-9579\" src=\"http:\/\/www.burritabike.com\/wp-content\/uploads\/2018\/07\/equipacion-1-300x136.png\" alt=\"\" width=\"300\" height=\"136\" srcset=\"https:\/\/www.burritabike.com\/wp-content\/uploads\/2018\/07\/equipacion-1-300x136.png 300w, https:\/\/www.burritabike.com\/wp-content\/uploads\/2018\/07\/equipacion-1-768x347.png 768w, https:\/\/www.burritabike.com\/wp-content\/uploads\/2018\/07\/equipacion-1-1024x463.png 1024w, https:\/\/www.burritabike.com\/wp-content\/uploads\/2018\/07\/equipacion-1.png 1284w\" sizes=\"(max-width: 300px) 100vw, 300px\" \/><\/a> <a href=\"http:\/\/www.burritabike.com\/wp-content\/uploads\/2018\/07\/equipacion-2.png\"><img decoding=\"async\" loading=\"lazy\" class=\"alignnone size-medium wp-image-9580\" src=\"http:\/\/www.burritabike.com\/wp-content\/uploads\/2018\/07\/equipacion-2-300x152.png\" alt=\"\" width=\"300\" height=\"152\" srcset=\"https:\/\/www.burritabike.com\/wp-content\/uploads\/2018\/07\/equipacion-2-300x152.png 300w, https:\/\/www.burritabike.com\/wp-content\/uploads\/2018\/07\/equipacion-2-768x390.png 768w, https:\/\/www.burritabike.com\/wp-content\/uploads\/2018\/07\/equipacion-2-1024x520.png 1024w, https:\/\/www.burritabike.com\/wp-content\/uploads\/2018\/07\/equipacion-2.png 1150w\" sizes=\"(max-width: 300px) 100vw, 300px\" \/><\/a> <a href=\"http:\/\/www.burritabike.com\/wp-content\/uploads\/2018\/07\/equipacion-3.png\"><img decoding=\"async\" loading=\"lazy\" class=\"alignnone size-medium wp-image-9581\" src=\"http:\/\/www.burritabike.com\/wp-content\/uploads\/2018\/07\/equipacion-3-300x187.png\" alt=\"\" width=\"300\" height=\"187\" srcset=\"https:\/\/www.burritabike.com\/wp-content\/uploads\/2018\/07\/equipacion-3-300x187.png 300w, https:\/\/www.burritabike.com\/wp-content\/uploads\/2018\/07\/equipacion-3-768x478.png 768w, https:\/\/www.burritabike.com\/wp-content\/uploads\/2018\/07\/equipacion-3.png 941w\" sizes=\"(max-width: 300px) 100vw, 300px\" \/><\/a> <a href=\"http:\/\/www.burritabike.com\/wp-content\/uploads\/2018\/07\/equipacion-4.png\"><img decoding=\"async\" loading=\"lazy\" class=\"alignnone size-medium wp-image-9582\" src=\"http:\/\/www.burritabike.com\/wp-content\/uploads\/2018\/07\/equipacion-4-300x184.png\" alt=\"\" width=\"300\" height=\"184\" srcset=\"https:\/\/www.burritabike.com\/wp-content\/uploads\/2018\/07\/equipacion-4-300x184.png 300w, https:\/\/www.burritabike.com\/wp-content\/uploads\/2018\/07\/equipacion-4-768x471.png 768w, https:\/\/www.burritabike.com\/wp-content\/uploads\/2018\/07\/equipacion-4.png 943w\" sizes=\"(max-width: 300px) 100vw, 300px\" \/><\/a> <a href=\"http:\/\/www.burritabike.com\/wp-content\/uploads\/2018\/07\/equipacion-5.png\"><img decoding=\"async\" loading=\"lazy\" class=\"alignnone size-medium wp-image-9583\" src=\"http:\/\/www.burritabike.com\/wp-content\/uploads\/2018\/07\/equipacion-5-300x188.png\" alt=\"\" width=\"300\" height=\"188\" srcset=\"https:\/\/www.burritabike.com\/wp-content\/uploads\/2018\/07\/equipacion-5-300x188.png 300w, https:\/\/www.burritabike.com\/wp-content\/uploads\/2018\/07\/equipacion-5-768x481.png 768w, https:\/\/www.burritabike.com\/wp-content\/uploads\/2018\/07\/equipacion-5.png 870w\" sizes=\"(max-width: 300px) 100vw, 300px\" \/><\/a> <a href=\"http:\/\/www.burritabike.com\/wp-content\/uploads\/2018\/07\/equipacion-6.png\"><img decoding=\"async\" loading=\"lazy\" class=\"alignnone size-medium wp-image-9584\" src=\"http:\/\/www.burritabike.com\/wp-content\/uploads\/2018\/07\/equipacion-6-300x197.png\" alt=\"\" width=\"300\" height=\"197\" srcset=\"https:\/\/www.burritabike.com\/wp-content\/uploads\/2018\/07\/equipacion-6-300x197.png 300w, https:\/\/www.burritabike.com\/wp-content\/uploads\/2018\/07\/equipacion-6-768x504.png 768w, https:\/\/www.burritabike.com\/wp-content\/uploads\/2018\/07\/equipacion-6.png 866w\" sizes=\"(max-width: 300px) 100vw, 300px\" \/><\/a> <a href=\"http:\/\/www.burritabike.com\/wp-content\/uploads\/2018\/07\/equipacion-7.png\"><img decoding=\"async\" loading=\"lazy\" class=\"alignnone size-medium wp-image-9585\" src=\"http:\/\/www.burritabike.com\/wp-content\/uploads\/2018\/07\/equipacion-7-300x285.png\" alt=\"\" width=\"300\" height=\"285\" srcset=\"https:\/\/www.burritabike.com\/wp-content\/uploads\/2018\/07\/equipacion-7-300x285.png 300w, https:\/\/www.burritabike.com\/wp-content\/uploads\/2018\/07\/equipacion-7.png 599w\" sizes=\"(max-width: 300px) 100vw, 300px\" \/><\/a> <a href=\"http:\/\/www.burritabike.com\/wp-content\/uploads\/2018\/07\/equipacion-8.png\"><img decoding=\"async\" loading=\"lazy\" class=\"alignnone size-medium wp-image-9586\" src=\"http:\/\/www.burritabike.com\/wp-content\/uploads\/2018\/07\/equipacion-8-300x298.png\" alt=\"\" width=\"300\" height=\"298\" srcset=\"https:\/\/www.burritabike.com\/wp-content\/uploads\/2018\/07\/equipacion-8-300x298.png 300w, https:\/\/www.burritabike.com\/wp-content\/uploads\/2018\/07\/equipacion-8-150x150.png 150w, https:\/\/www.burritabike.com\/wp-content\/uploads\/2018\/07\/equipacion-8-144x144.png 144w, https:\/\/www.burritabike.com\/wp-content\/uploads\/2018\/07\/equipacion-8.png 582w\" sizes=\"(max-width: 300px) 100vw, 300px\" \/><\/a> <a href=\"http:\/\/www.burritabike.com\/wp-content\/uploads\/2018\/07\/equipacion-9.png\"><img decoding=\"async\" loading=\"lazy\" class=\"alignnone size-medium wp-image-9587\" src=\"http:\/\/www.burritabike.com\/wp-content\/uploads\/2018\/07\/equipacion-9-300x270.png\" alt=\"\" width=\"300\" height=\"270\" srcset=\"https:\/\/www.burritabike.com\/wp-content\/uploads\/2018\/07\/equipacion-9-300x270.png 300w, https:\/\/www.burritabike.com\/wp-content\/uploads\/2018\/07\/equipacion-9.png 647w\" sizes=\"(max-width: 300px) 100vw, 300px\" \/><\/a><\/p>\n<h4>ESTAS SON NUESTRAS BADANAS:<\/h4>\n<p>&nbsp;<\/p>\n<p><img decoding=\"async\" src=\"https:\/\/www.giessegi.com\/media\/wysiwyg\/ikon-giessegi-fondelli.jpg\" \/><\/p>\n<p>&nbsp;<\/p>\n<ol>\n<li>IKON SOFT IMPRESO TRS2 SAT Hombre<\/li>\n<li>USO: ROAD-MTB<\/li>\n<li>DISTANCIA: LARGO<\/li>\n<li>DENSIDAD: 140kg.\/m3 ESPESOR: 14 &#8211; 4 &#8211; 2 mm<\/li>\n<li>CAPAS: 4 TEJIDO FACIAL: Soft-Tech<\/li>\n<li>ESPUMAS: TRS2<\/li>\n<\/ol>\n<p>TECNOLOG\u00cdAS:<\/p>\n<p>LF perforado<\/p>\n<p>L.S.A.T.<\/p>\n<p>CARACTER\u00cdSTICAS: Sani-Foam, Light B-Elastic El pad IKON es la evoluci\u00f3n del HD ERGONOMIC m\u00e1s vendido. La nueva almohadilla ofrece un confort excepcional gracias al alto grosor (14 mm) y la densidad de la esponja (140 kg \/ m3).<\/p>\n<p>IKON est\u00e1 hecho de Soft-Tech, una microfibra muy el\u00e1stica que te permite adaptarte perfectamente al sill\u00edn y tiene un tacto agradable y suave que garantiza la comodidad del ciclista incluso despu\u00e9s de muchas horas sobre su m\u00e1quina.<\/p>\n<p>El Soft-Tech est\u00e1 sujeto a Sani-Foam, un tratamiento antimicrobiano que inhibe el desarrollo de microorganismos en la zona de la badana. El modelo est\u00e1 en TRS2, la innovadora esponja perforada con orificios de 3 mm que garantiza una mejor transpirabilidad y un secado m\u00e1s r\u00e1pido. Tambi\u00e9n adopta la tecnolog\u00eda LSAT, una mezcla especial de esponjas que absorbe m\u00e1s del 80% de las vibraciones que provienen de la carretera.<\/p>\n<p>&nbsp;<\/p>\n<h4><strong>Y\u00a0<\/strong><strong>ESTOS SON NUESTROS TEJIDOS:<\/strong><\/h4>\n<p>Los minerales dentro de este tejido otorgan una protecci\u00f3n total contra los rayos ultravioleta UV-A UV-B, proporcionando control t\u00e9rmico al cuerpo, estimulando la microcirculaci\u00f3n y fortaleciendo el metabolismo.<\/p>\n<p dir=\"ltr\" data-placeholder=\"Traducci\u00f3n\">TEJIDO:\u00a0poli\u00e9stero MITITECH: Tejido el\u00e1stico de dise\u00f1o italiano desarrollado especialmente para la ropa deportiva de alto rendimiento. p<span lang=\"es\">reviene el aumento de la temperatura corporal, intensificando tu nivel de confort<\/span><\/p>\n<h4 dir=\"ltr\" data-placeholder=\"Traducci\u00f3n\">CARACTER\u00cdSTICAS DEL MAILLOT:<\/h4>\n<ul>\n<li dir=\"ltr\" data-placeholder=\"Traducci\u00f3n\">TEJIDO MANGA:\u00a0biel\u00e1stico<\/li>\n<li dir=\"ltr\" data-placeholder=\"Traducci\u00f3n\">CREMALLERA:l arga cubierta, cursor\u00a0autobloqueante<\/li>\n<li dir=\"ltr\" data-placeholder=\"Traducci\u00f3n\">FINAL DE LA MANGA:\u00a0corte laser<\/li>\n<li dir=\"ltr\" data-placeholder=\"Traducci\u00f3n\">FINAL DEL MAILLOT DELANTERO:\u00a0inserci\u00f3n\u00a0de silicona corte laser<\/li>\n<li dir=\"ltr\" data-placeholder=\"Traducci\u00f3n\">FINAL DEL MAILLOT TRASERO:\u00a0con el\u00e1stico\u00a0silicona<\/li>\n<li dir=\"ltr\" data-placeholder=\"Traducci\u00f3n\">BOLSILLOS:\u00a03 bolsillos abiertos<\/li>\n<li dir=\"ltr\" data-placeholder=\"Traducci\u00f3n\">AGUJEROS IPOD:\u00a0en el bolsillo izquierdo<\/li>\n<\/ul>\n<p dir=\"ltr\" data-placeholder=\"Traducci\u00f3n\">\n<h4 dir=\"ltr\" data-placeholder=\"Traducci\u00f3n\">TALLAS DISPONIBLES:<\/h4>\n<ul>\n<li dir=\"ltr\" data-placeholder=\"Traducci\u00f3n\">XS<\/li>\n<li dir=\"ltr\" data-placeholder=\"Traducci\u00f3n\">S<\/li>\n<li dir=\"ltr\" data-placeholder=\"Traducci\u00f3n\">M<\/li>\n<li dir=\"ltr\" data-placeholder=\"Traducci\u00f3n\">L<\/li>\n<li dir=\"ltr\" data-placeholder=\"Traducci\u00f3n\">XL<\/li>\n<li dir=\"ltr\" data-placeholder=\"Traducci\u00f3n\">2XL<\/li>\n<li dir=\"ltr\" data-placeholder=\"Traducci\u00f3n\">3XL<\/li>\n<li dir=\"ltr\" data-placeholder=\"Traducci\u00f3n\">4XL<\/li>\n<li dir=\"ltr\" data-placeholder=\"Traducci\u00f3n\">5XL<\/li>\n<\/ul>\n<p>&nbsp;<\/p>\n<h4>CALCULA TU TALLA:<\/h4>\n<p><a href=\"http:\/\/www.burritabike.com\/wp-content\/uploads\/2018\/07\/TALLAS-GSG-HOMBRE.png\"><img decoding=\"async\" loading=\"lazy\" class=\"alignnone size-medium wp-image-9578\" src=\"http:\/\/www.burritabike.com\/wp-content\/uploads\/2018\/07\/TALLAS-GSG-HOMBRE-300x168.png\" alt=\"\" width=\"300\" height=\"168\" srcset=\"https:\/\/www.burritabike.com\/wp-content\/uploads\/2018\/07\/TALLAS-GSG-HOMBRE-300x168.png 300w, https:\/\/www.burritabike.com\/wp-content\/uploads\/2018\/07\/TALLAS-GSG-HOMBRE-768x430.png 768w, https:\/\/www.burritabike.com\/wp-content\/uploads\/2018\/07\/TALLAS-GSG-HOMBRE-1024x574.png 1024w, https:\/\/www.burritabike.com\/wp-content\/uploads\/2018\/07\/TALLAS-GSG-HOMBRE.png 1369w\" sizes=\"(max-width: 300px) 100vw, 300px\" \/><\/a><\/p>\n<p><a href=\"http:\/\/www.burritabike.com\/wp-content\/uploads\/2018\/07\/TALLAJE-NI\u00d1O.png\"><img decoding=\"async\" loading=\"lazy\" class=\"alignnone size-medium wp-image-9577\" src=\"http:\/\/www.burritabike.com\/wp-content\/uploads\/2018\/07\/TALLAJE-NI\u00d1O-300x129.png\" alt=\"\" width=\"300\" height=\"129\" srcset=\"https:\/\/www.burritabike.com\/wp-content\/uploads\/2018\/07\/TALLAJE-NI\u00d1O-300x129.png 300w, https:\/\/www.burritabike.com\/wp-content\/uploads\/2018\/07\/TALLAJE-NI\u00d1O-768x330.png 768w, https:\/\/www.burritabike.com\/wp-content\/uploads\/2018\/07\/TALLAJE-NI\u00d1O-1024x440.png 1024w, https:\/\/www.burritabike.com\/wp-content\/uploads\/2018\/07\/TALLAJE-NI\u00d1O.png 1368w\" sizes=\"(max-width: 300px) 100vw, 300px\" \/><\/a><\/p>\n<p>&nbsp;<\/p>\n","protected":false},"excerpt":{"rendered":"<p>Ya tenemos disponible en tienda las equipaciones de verano 2018 de Burrita Bike Store. Equipar correctamente a un ciclista no es tarea f\u00e1cil y satisfacer sus altas exigencias lo es a\u00fan un menos. Con nuestra equipaci\u00f3n de verano, un a\u00f1o m\u00e1s, hemos trabajado duro para crear ropa ciclista con altos est\u00e1ndares de excelencia y con [&hellip;]<\/p>\n","protected":false},"author":3,"featured_media":9579,"comment_status":"closed","ping_status":"open","sticky":false,"template":"","format":"standard","meta":{"_mi_skip_tracking":false,"_themeisle_gutenberg_block_has_review":false,"jetpack_publicize_message":"","jetpack_is_tweetstorm":false,"jetpack_publicize_feature_enabled":true,"jetpack_social_post_already_shared":true,"jetpack_social_options":[]},"categories":[44,251,426,437,243,306,459,305,436,221,256,273,197,3],"tags":[349,131,175,136,121,140,132,259,123,163,460,126,289,127,155,461,128,124,125],"jetpack_publicize_connections":[],"yoast_head":"<!-- This site is optimized with the Yoast SEO plugin v19.14 - https:\/\/yoast.com\/wordpress\/plugins\/seo\/ -->\n<title>YA EST\u00c1 AQU\u00cd LA EQUIPACI\u00d3N DE VERANO 2018 BURRITA BIKE STORE -<\/title>\n<meta name=\"description\" content=\"Disponible en tienda la equipaci\u00f3n de verano 2018 Burrita Bike Store: la mejor calidad al mejor precio para ciclistas exigentes.\" \/>\n<meta name=\"robots\" content=\"index, follow, max-snippet:-1, max-image-preview:large, max-video-preview:-1\" \/>\n<link rel=\"canonical\" href=\"https:\/\/www.burritabike.com\/?p=9576\" \/>\n<meta property=\"og:locale\" content=\"es_ES\" \/>\n<meta property=\"og:type\" content=\"article\" \/>\n<meta property=\"og:title\" content=\"YA EST\u00c1 AQU\u00cd LA EQUIPACI\u00d3N DE VERANO 2018 BURRITA BIKE STORE -\" \/>\n<meta property=\"og:description\" content=\"Disponible en tienda la equipaci\u00f3n de verano 2018 Burrita Bike Store: la mejor calidad al mejor precio para ciclistas exigentes.\" \/>\n<meta property=\"og:url\" content=\"https:\/\/www.burritabike.com\/?p=9576\" \/>\n<meta property=\"og:site_name\" content=\"Burrita Bike Store\" \/>\n<meta property=\"article:publisher\" content=\"https:\/\/www.facebook.com\/Burrita-Bike-175649685843399\/\" \/>\n<meta property=\"article:published_time\" content=\"2018-07-25T10:46:56+00:00\" \/>\n<meta property=\"og:image\" content=\"https:\/\/i0.wp.com\/www.burritabike.com\/wp-content\/uploads\/2018\/07\/equipacion-1.png?fit=1284%2C580&ssl=1\" \/>\n\t<meta property=\"og:image:width\" content=\"1284\" \/>\n\t<meta property=\"og:image:height\" content=\"580\" \/>\n\t<meta property=\"og:image:type\" content=\"image\/png\" \/>\n<meta name=\"author\" content=\"BURRITA BIKE\" \/>\n<meta name=\"twitter:card\" content=\"summary_large_image\" \/>\n<meta name=\"twitter:creator\" content=\"@burritabike\" \/>\n<meta name=\"twitter:site\" content=\"@burritabike\" \/>\n<meta name=\"twitter:label1\" content=\"Escrito por\" \/>\n\t<meta name=\"twitter:data1\" content=\"BURRITA BIKE\" \/>\n\t<meta name=\"twitter:label2\" content=\"Tiempo de lectura\" \/>\n\t<meta name=\"twitter:data2\" content=\"2 minutos\" \/>\n<script type=\"application\/ld+json\" class=\"yoast-schema-graph\">{\"@context\":\"https:\/\/schema.org\",\"@graph\":[{\"@type\":\"Article\",\"@id\":\"https:\/\/www.burritabike.com\/?p=9576#article\",\"isPartOf\":{\"@id\":\"https:\/\/www.burritabike.com\/?p=9576\"},\"author\":{\"name\":\"BURRITA BIKE\",\"@id\":\"https:\/\/www.burritabike.com\/#\/schema\/person\/87128dbb8b154341eafc70d2910b2456\"},\"headline\":\"YA EST\u00c1 AQU\u00cd LA EQUIPACI\u00d3N DE VERANO 2018 BURRITA BIKE STORE\",\"datePublished\":\"2018-07-25T10:46:56+00:00\",\"dateModified\":\"2018-07-25T10:46:56+00:00\",\"mainEntityOfPage\":{\"@id\":\"https:\/\/www.burritabike.com\/?p=9576\"},\"wordCount\":428,\"publisher\":{\"@id\":\"https:\/\/www.burritabike.com\/#organization\"},\"keywords\":[\"2018\",\"Alcal\u00e1 de Guadaira\",\"alta competici\u00f3n\",\"Andaluc\u00eda\",\"Bicicleta\",\"BTT\",\"Burrita Bike\",\"calidad\",\"Ciclismo\",\"elegancia\",\"equipaci\u00f3n\",\"Equipo\",\"ESTILO ITALIANO\",\"Moda\",\"novedad\",\"ropa ciclista\",\"Tecnolog\u00eda\",\"Tendencia\",\"Verano\"],\"articleSection\":[\"Accesorios\",\"Alcal\u00e1 de Guadaira\",\"Burrita Bike Store\",\"CAMPEONES\",\"Colecci\u00f3n Verano\",\"Elegancia\",\"Equipaci\u00f3n\",\"Estilo Italiano\",\"GANADORES\",\"Innovaci\u00f3n\",\"Mejor precio\",\"New Collection\",\"Novedades\",\"Productos\"],\"inLanguage\":\"es\"},{\"@type\":\"WebPage\",\"@id\":\"https:\/\/www.burritabike.com\/?p=9576\",\"url\":\"https:\/\/www.burritabike.com\/?p=9576\",\"name\":\"YA EST\u00c1 AQU\u00cd LA EQUIPACI\u00d3N DE VERANO 2018 BURRITA BIKE STORE -\",\"isPartOf\":{\"@id\":\"https:\/\/www.burritabike.com\/#website\"},\"datePublished\":\"2018-07-25T10:46:56+00:00\",\"dateModified\":\"2018-07-25T10:46:56+00:00\",\"description\":\"Disponible en tienda la equipaci\u00f3n de verano 2018 Burrita Bike Store: la mejor calidad al mejor precio para ciclistas exigentes.\",\"breadcrumb\":{\"@id\":\"https:\/\/www.burritabike.com\/?p=9576#breadcrumb\"},\"inLanguage\":\"es\",\"potentialAction\":[{\"@type\":\"ReadAction\",\"target\":[\"https:\/\/www.burritabike.com\/?p=9576\"]}]},{\"@type\":\"BreadcrumbList\",\"@id\":\"https:\/\/www.burritabike.com\/?p=9576#breadcrumb\",\"itemListElement\":[{\"@type\":\"ListItem\",\"position\":1,\"name\":\"Portada\",\"item\":\"https:\/\/www.burritabike.com\/\"},{\"@type\":\"ListItem\",\"position\":2,\"name\":\"YA EST\u00c1 AQU\u00cd LA EQUIPACI\u00d3N DE VERANO 2018 BURRITA BIKE STORE\"}]},{\"@type\":\"WebSite\",\"@id\":\"https:\/\/www.burritabike.com\/#website\",\"url\":\"https:\/\/www.burritabike.com\/\",\"name\":\"Burrita Bike Store\",\"description\":\"Pasi\u00f3n por el Ciclismo\",\"publisher\":{\"@id\":\"https:\/\/www.burritabike.com\/#organization\"},\"potentialAction\":[{\"@type\":\"SearchAction\",\"target\":{\"@type\":\"EntryPoint\",\"urlTemplate\":\"https:\/\/www.burritabike.com\/?s={search_term_string}\"},\"query-input\":\"required name=search_term_string\"}],\"inLanguage\":\"es\"},{\"@type\":\"Organization\",\"@id\":\"https:\/\/www.burritabike.com\/#organization\",\"name\":\"BURRITA BIKE STORE\",\"url\":\"https:\/\/www.burritabike.com\/\",\"logo\":{\"@type\":\"ImageObject\",\"inLanguage\":\"es\",\"@id\":\"https:\/\/www.burritabike.com\/#\/schema\/logo\/image\/\",\"url\":\"https:\/\/www.burritabike.com\/wp-content\/uploads\/2019\/03\/logo-burrita-completo-con-copyrigth.jpg\",\"contentUrl\":\"https:\/\/www.burritabike.com\/wp-content\/uploads\/2019\/03\/logo-burrita-completo-con-copyrigth.jpg\",\"width\":908,\"height\":845,\"caption\":\"BURRITA BIKE STORE\"},\"image\":{\"@id\":\"https:\/\/www.burritabike.com\/#\/schema\/logo\/image\/\"},\"sameAs\":[\"https:\/\/www.instagram.com\/burritabike\/\",\"https:\/\/www.facebook.com\/Burrita-Bike-175649685843399\/\",\"https:\/\/twitter.com\/burritabike\"]},{\"@type\":\"Person\",\"@id\":\"https:\/\/www.burritabike.com\/#\/schema\/person\/87128dbb8b154341eafc70d2910b2456\",\"name\":\"BURRITA BIKE\",\"image\":{\"@type\":\"ImageObject\",\"inLanguage\":\"es\",\"@id\":\"https:\/\/www.burritabike.com\/#\/schema\/person\/image\/\",\"url\":\"https:\/\/secure.gravatar.com\/avatar\/00123286d33db4be78d2b35c0fedb4af?s=96&d=mm&r=g\",\"contentUrl\":\"https:\/\/secure.gravatar.com\/avatar\/00123286d33db4be78d2b35c0fedb4af?s=96&d=mm&r=g\",\"caption\":\"BURRITA BIKE\"},\"sameAs\":[\"http:\/\/www.burritabike.com\"]}]}<\/script>\n<!-- \/ Yoast SEO plugin. -->","yoast_head_json":{"title":"YA EST\u00c1 AQU\u00cd LA EQUIPACI\u00d3N DE VERANO 2018 BURRITA BIKE STORE -","description":"Disponible en tienda la equipaci\u00f3n de verano 2018 Burrita Bike Store: la mejor calidad al mejor precio para ciclistas exigentes.","robots":{"index":"index","follow":"follow","max-snippet":"max-snippet:-1","max-image-preview":"max-image-preview:large","max-video-preview":"max-video-preview:-1"},"canonical":"https:\/\/www.burritabike.com\/?p=9576","og_locale":"es_ES","og_type":"article","og_title":"YA EST\u00c1 AQU\u00cd LA EQUIPACI\u00d3N DE VERANO 2018 BURRITA BIKE STORE -","og_description":"Disponible en tienda la equipaci\u00f3n de verano 2018 Burrita Bike Store: la mejor calidad al mejor precio para ciclistas exigentes.","og_url":"https:\/\/www.burritabike.com\/?p=9576","og_site_name":"Burrita Bike Store","article_publisher":"https:\/\/www.facebook.com\/Burrita-Bike-175649685843399\/","article_published_time":"2018-07-25T10:46:56+00:00","og_image":[{"width":1284,"height":580,"url":"https:\/\/i0.wp.com\/www.burritabike.com\/wp-content\/uploads\/2018\/07\/equipacion-1.png?fit=1284%2C580&ssl=1","type":"image\/png"}],"author":"BURRITA BIKE","twitter_card":"summary_large_image","twitter_creator":"@burritabike","twitter_site":"@burritabike","twitter_misc":{"Escrito por":"BURRITA BIKE","Tiempo de lectura":"2 minutos"},"schema":{"@context":"https:\/\/schema.org","@graph":[{"@type":"Article","@id":"https:\/\/www.burritabike.com\/?p=9576#article","isPartOf":{"@id":"https:\/\/www.burritabike.com\/?p=9576"},"author":{"name":"BURRITA BIKE","@id":"https:\/\/www.burritabike.com\/#\/schema\/person\/87128dbb8b154341eafc70d2910b2456"},"headline":"YA EST\u00c1 AQU\u00cd LA EQUIPACI\u00d3N DE VERANO 2018 BURRITA BIKE STORE","datePublished":"2018-07-25T10:46:56+00:00","dateModified":"2018-07-25T10:46:56+00:00","mainEntityOfPage":{"@id":"https:\/\/www.burritabike.com\/?p=9576"},"wordCount":428,"publisher":{"@id":"https:\/\/www.burritabike.com\/#organization"},"keywords":["2018","Alcal\u00e1 de Guadaira","alta competici\u00f3n","Andaluc\u00eda","Bicicleta","BTT","Burrita Bike","calidad","Ciclismo","elegancia","equipaci\u00f3n","Equipo","ESTILO ITALIANO","Moda","novedad","ropa ciclista","Tecnolog\u00eda","Tendencia","Verano"],"articleSection":["Accesorios","Alcal\u00e1 de Guadaira","Burrita Bike Store","CAMPEONES","Colecci\u00f3n Verano","Elegancia","Equipaci\u00f3n","Estilo Italiano","GANADORES","Innovaci\u00f3n","Mejor precio","New Collection","Novedades","Productos"],"inLanguage":"es"},{"@type":"WebPage","@id":"https:\/\/www.burritabike.com\/?p=9576","url":"https:\/\/www.burritabike.com\/?p=9576","name":"YA EST\u00c1 AQU\u00cd LA EQUIPACI\u00d3N DE VERANO 2018 BURRITA BIKE STORE -","isPartOf":{"@id":"https:\/\/www.burritabike.com\/#website"},"datePublished":"2018-07-25T10:46:56+00:00","dateModified":"2018-07-25T10:46:56+00:00","description":"Disponible en tienda la equipaci\u00f3n de verano 2018 Burrita Bike Store: la mejor calidad al mejor precio para ciclistas exigentes.","breadcrumb":{"@id":"https:\/\/www.burritabike.com\/?p=9576#breadcrumb"},"inLanguage":"es","potentialAction":[{"@type":"ReadAction","target":["https:\/\/www.burritabike.com\/?p=9576"]}]},{"@type":"BreadcrumbList","@id":"https:\/\/www.burritabike.com\/?p=9576#breadcrumb","itemListElement":[{"@type":"ListItem","position":1,"name":"Portada","item":"https:\/\/www.burritabike.com\/"},{"@type":"ListItem","position":2,"name":"YA EST\u00c1 AQU\u00cd LA EQUIPACI\u00d3N DE VERANO 2018 BURRITA BIKE STORE"}]},{"@type":"WebSite","@id":"https:\/\/www.burritabike.com\/#website","url":"https:\/\/www.burritabike.com\/","name":"Burrita Bike Store","description":"Pasi\u00f3n por el Ciclismo","publisher":{"@id":"https:\/\/www.burritabike.com\/#organization"},"potentialAction":[{"@type":"SearchAction","target":{"@type":"EntryPoint","urlTemplate":"https:\/\/www.burritabike.com\/?s={search_term_string}"},"query-input":"required name=search_term_string"}],"inLanguage":"es"},{"@type":"Organization","@id":"https:\/\/www.burritabike.com\/#organization","name":"BURRITA BIKE STORE","url":"https:\/\/www.burritabike.com\/","logo":{"@type":"ImageObject","inLanguage":"es","@id":"https:\/\/www.burritabike.com\/#\/schema\/logo\/image\/","url":"https:\/\/www.burritabike.com\/wp-content\/uploads\/2019\/03\/logo-burrita-completo-con-copyrigth.jpg","contentUrl":"https:\/\/www.burritabike.com\/wp-content\/uploads\/2019\/03\/logo-burrita-completo-con-copyrigth.jpg","width":908,"height":845,"caption":"BURRITA BIKE STORE"},"image":{"@id":"https:\/\/www.burritabike.com\/#\/schema\/logo\/image\/"},"sameAs":["https:\/\/www.instagram.com\/burritabike\/","https:\/\/www.facebook.com\/Burrita-Bike-175649685843399\/","https:\/\/twitter.com\/burritabike"]},{"@type":"Person","@id":"https:\/\/www.burritabike.com\/#\/schema\/person\/87128dbb8b154341eafc70d2910b2456","name":"BURRITA BIKE","image":{"@type":"ImageObject","inLanguage":"es","@id":"https:\/\/www.burritabike.com\/#\/schema\/person\/image\/","url":"https:\/\/secure.gravatar.com\/avatar\/00123286d33db4be78d2b35c0fedb4af?s=96&d=mm&r=g","contentUrl":"https:\/\/secure.gravatar.com\/avatar\/00123286d33db4be78d2b35c0fedb4af?s=96&d=mm&r=g","caption":"BURRITA BIKE"},"sameAs":["http:\/\/www.burritabike.com"]}]}},"_links":{"self":[{"href":"https:\/\/www.burritabike.com\/index.php?rest_route=\/wp\/v2\/posts\/9576"}],"collection":[{"href":"https:\/\/www.burritabike.com\/index.php?rest_route=\/wp\/v2\/posts"}],"about":[{"href":"https:\/\/www.burritabike.com\/index.php?rest_route=\/wp\/v2\/types\/post"}],"author":[{"embeddable":true,"href":"https:\/\/www.burritabike.com\/index.php?rest_route=\/wp\/v2\/users\/3"}],"replies":[{"embeddable":true,"href":"https:\/\/www.burritabike.com\/index.php?rest_route=%2Fwp%2Fv2%2Fcomments&post=9576"}],"version-history":[{"count":1,"href":"https:\/\/www.burritabike.com\/index.php?rest_route=\/wp\/v2\/posts\/9576\/revisions"}],"predecessor-version":[{"id":9588,"href":"https:\/\/www.burritabike.com\/index.php?rest_route=\/wp\/v2\/posts\/9576\/revisions\/9588"}],"wp:featuredmedia":[{"embeddable":true,"href":"https:\/\/www.burritabike.com\/index.php?rest_route=\/wp\/v2\/media\/9579"}],"wp:attachment":[{"href":"https:\/\/www.burritabike.com\/index.php?rest_route=%2Fwp%2Fv2%2Fmedia&parent=9576"}],"wp:term":[{"taxonomy":"category","embeddable":true,"href":"https:\/\/www.burritabike.com\/index.php?rest_route=%2Fwp%2Fv2%2Fcategories&post=9576"},{"taxonomy":"post_tag","embeddable":true,"href":"https:\/\/www.burritabike.com\/index.php?rest_route=%2Fwp%2Fv2%2Ftags&post=9576"}],"curies":[{"name":"wp","href":"https:\/\/api.w.org\/{rel}","templated":true}]}}