{"id":9393,"date":"2018-02-23T09:01:57","date_gmt":"2018-02-23T09:01:57","guid":{"rendered":"http:\/\/www.burritabike.com\/?p=9393"},"modified":"2018-02-23T09:01:57","modified_gmt":"2018-02-23T09:01:57","slug":"wilier-force-team-participara-la-carrera-andalucia-bike-race-quieres-conocerlos","status":"publish","type":"post","link":"https:\/\/www.burritabike.com\/?p=9393","title":{"rendered":"El  WILIER FORCE TEAM participar\u00e1 a la carrera ANDALUCIA BIKE RACE: \u00bfquieres conocerlos?"},"content":{"rendered":"<h3>El\u00a0 WILIER TEAM FORCE EN LA ANDALUCIA BIKE RACE<\/h3>\n<h5>La <a href=\"http:\/\/www.andaluciabikerace.com\/\">Andaluc\u00eda Bike Race<\/a>\u00a0 se supera de nuevo y demuestra ser la prueba de MTB por etapas de referencia en Espa\u00f1a y una de las m\u00e1s reconocidas del mundo; nuestro equipo, el WILIER FORCE TEAM, estar\u00e1 all\u00ed.<\/h5>\n<p>Durante 6 d\u00edas,\u00a0 754 Mountain Bikers de 37 pa\u00edses distintos, participar\u00e1n en la octava edici\u00f3n de una competici\u00f3n realmente maravillosa.\u00a0 octava edici\u00f3n de esta maravillosa\u00a0 competici\u00f3n.\u00a0\u00a0Alemania, Argentina, Australia, Austria, B\u00e9lgica, Bolivia, Brasil, Bulgaria, Costa Rica, Cuba, Dinamarca, El Salvador, Eslovaquia, Espa\u00f1a, Finlandia, Francia, Guinea-Bissau, Hat\u00ed, Honduras, Hungr\u00eda, Islandia, Israel, Italia representada por el WILIER TEAM FORCE, Kazajist\u00e1n, Noruega, Nueva Zelanda, Pa\u00edses Bajos, Polonia, Portugal, Qatar, Reino Unido, Rep\u00fablica Checa, Rusia, Suiza, Suecia, Uruguay y Estados Unidos ser\u00e1n las nacionalidades representadas.<\/p>\n<p>La prueba contar\u00e1 con estas categor\u00edas:<\/p>\n<ul>\n<li>Elite Men<\/li>\n<li>Elite Women<\/li>\n<li>Master 30<\/li>\n<li>Master 40<\/li>\n<li>Master 50<\/li>\n<li>Master Women<\/li>\n<\/ul>\n<p>Nuestro equipo estar\u00e1 all\u00ed para deleitarnos con\u00a0 grandes dosis de\u00a0 buen ciclismo profesional.<\/p>\n<p><a href=\"http:\/\/www.burritabike.com\/wp-content\/uploads\/2018\/02\/master_slider_wf7c_2018-2-1500x720.jpg\"><img decoding=\"async\" loading=\"lazy\" class=\"alignnone size-medium wp-image-9396\" src=\"http:\/\/www.burritabike.com\/wp-content\/uploads\/2018\/02\/master_slider_wf7c_2018-2-1500x720-300x144.jpg\" alt=\"\" width=\"300\" height=\"144\" srcset=\"https:\/\/www.burritabike.com\/wp-content\/uploads\/2018\/02\/master_slider_wf7c_2018-2-1500x720-300x144.jpg 300w, https:\/\/www.burritabike.com\/wp-content\/uploads\/2018\/02\/master_slider_wf7c_2018-2-1500x720-768x369.jpg 768w, https:\/\/www.burritabike.com\/wp-content\/uploads\/2018\/02\/master_slider_wf7c_2018-2-1500x720-1024x492.jpg 1024w, https:\/\/www.burritabike.com\/wp-content\/uploads\/2018\/02\/master_slider_wf7c_2018-2-1500x720.jpg 1500w\" sizes=\"(max-width: 300px) 100vw, 300px\" \/><\/a><\/p>\n<p>Liderado por Massimo de Bertolis (Wilier Force 7C):, el Ex campe\u00f3n del Mundo XCM, Diego, Tony, Michael, Johnny y Marco nos acompa\u00f1ar\u00e1n durante estos d\u00edas; podr\u00e9is conocerlos y compartir vuestras experiencias en la <a href=\"http:\/\/www.burritabike.com\/wp-content\/uploads\/2018\/02\/DossierPrensa.pdf\" target=\"_blank\" rel=\"noopener\">Andaluc\u00eda Bike Race<\/a>.<\/p>\n<p><a href=\"http:\/\/www.burritabike.com\/wp-content\/uploads\/2018\/02\/preview_Wolghy.jpg\"><img decoding=\"async\" loading=\"lazy\" class=\"alignnone size-medium wp-image-9402\" src=\"http:\/\/www.burritabike.com\/wp-content\/uploads\/2018\/02\/preview_Wolghy-300x200.jpg\" alt=\"\" width=\"300\" height=\"200\" srcset=\"https:\/\/www.burritabike.com\/wp-content\/uploads\/2018\/02\/preview_Wolghy-300x200.jpg 300w, https:\/\/www.burritabike.com\/wp-content\/uploads\/2018\/02\/preview_Wolghy-768x512.jpg 768w, https:\/\/www.burritabike.com\/wp-content\/uploads\/2018\/02\/preview_Wolghy-1024x683.jpg 1024w, https:\/\/www.burritabike.com\/wp-content\/uploads\/2018\/02\/preview_Wolghy.jpg 1080w\" sizes=\"(max-width: 300px) 100vw, 300px\" \/><\/a> <a href=\"http:\/\/www.burritabike.com\/wp-content\/uploads\/2018\/02\/preview_Rebagliati.jpg\"><img decoding=\"async\" loading=\"lazy\" class=\"alignnone size-medium wp-image-9401\" src=\"http:\/\/www.burritabike.com\/wp-content\/uploads\/2018\/02\/preview_Rebagliati-300x207.jpg\" alt=\"\" width=\"300\" height=\"207\" srcset=\"https:\/\/www.burritabike.com\/wp-content\/uploads\/2018\/02\/preview_Rebagliati-300x207.jpg 300w, https:\/\/www.burritabike.com\/wp-content\/uploads\/2018\/02\/preview_Rebagliati-768x529.jpg 768w, https:\/\/www.burritabike.com\/wp-content\/uploads\/2018\/02\/preview_Rebagliati-1024x705.jpg 1024w, https:\/\/www.burritabike.com\/wp-content\/uploads\/2018\/02\/preview_Rebagliati.jpg 1080w\" sizes=\"(max-width: 300px) 100vw, 300px\" \/><\/a> <a href=\"http:\/\/www.burritabike.com\/wp-content\/uploads\/2018\/02\/preview_Longo.jpg\"><img decoding=\"async\" loading=\"lazy\" class=\"alignnone size-medium wp-image-9400\" src=\"http:\/\/www.burritabike.com\/wp-content\/uploads\/2018\/02\/preview_Longo-300x200.jpg\" alt=\"\" width=\"300\" height=\"200\" srcset=\"https:\/\/www.burritabike.com\/wp-content\/uploads\/2018\/02\/preview_Longo-300x200.jpg 300w, https:\/\/www.burritabike.com\/wp-content\/uploads\/2018\/02\/preview_Longo-768x512.jpg 768w, https:\/\/www.burritabike.com\/wp-content\/uploads\/2018\/02\/preview_Longo-1024x683.jpg 1024w, https:\/\/www.burritabike.com\/wp-content\/uploads\/2018\/02\/preview_Longo.jpg 1080w\" sizes=\"(max-width: 300px) 100vw, 300px\" \/><\/a> <a href=\"http:\/\/www.burritabike.com\/wp-content\/uploads\/2018\/02\/preview_Debertolis.jpg\"><img decoding=\"async\" loading=\"lazy\" class=\"alignnone size-medium wp-image-9399\" src=\"http:\/\/www.burritabike.com\/wp-content\/uploads\/2018\/02\/preview_Debertolis-300x207.jpg\" alt=\"\" width=\"300\" height=\"207\" srcset=\"https:\/\/www.burritabike.com\/wp-content\/uploads\/2018\/02\/preview_Debertolis-300x207.jpg 300w, https:\/\/www.burritabike.com\/wp-content\/uploads\/2018\/02\/preview_Debertolis-768x529.jpg 768w, https:\/\/www.burritabike.com\/wp-content\/uploads\/2018\/02\/preview_Debertolis-1024x705.jpg 1024w, https:\/\/www.burritabike.com\/wp-content\/uploads\/2018\/02\/preview_Debertolis.jpg 1080w\" sizes=\"(max-width: 300px) 100vw, 300px\" \/><\/a> <a href=\"http:\/\/www.burritabike.com\/wp-content\/uploads\/2018\/02\/preview_Cargnelutti.jpg\"><img decoding=\"async\" loading=\"lazy\" class=\"alignnone size-medium wp-image-9397\" src=\"http:\/\/www.burritabike.com\/wp-content\/uploads\/2018\/02\/preview_Cargnelutti-300x200.jpg\" alt=\"\" width=\"300\" height=\"200\" srcset=\"https:\/\/www.burritabike.com\/wp-content\/uploads\/2018\/02\/preview_Cargnelutti-300x200.jpg 300w, https:\/\/www.burritabike.com\/wp-content\/uploads\/2018\/02\/preview_Cargnelutti-768x512.jpg 768w, https:\/\/www.burritabike.com\/wp-content\/uploads\/2018\/02\/preview_Cargnelutti-1024x683.jpg 1024w, https:\/\/www.burritabike.com\/wp-content\/uploads\/2018\/02\/preview_Cargnelutti.jpg 1080w\" sizes=\"(max-width: 300px) 100vw, 300px\" \/><\/a> <a href=\"http:\/\/www.burritabike.com\/wp-content\/uploads\/2018\/02\/preview_Cattaneo.jpg\"><img decoding=\"async\" loading=\"lazy\" class=\"alignnone size-medium wp-image-9398\" src=\"http:\/\/www.burritabike.com\/wp-content\/uploads\/2018\/02\/preview_Cattaneo-300x220.jpg\" alt=\"\" width=\"300\" height=\"220\" srcset=\"https:\/\/www.burritabike.com\/wp-content\/uploads\/2018\/02\/preview_Cattaneo-300x220.jpg 300w, https:\/\/www.burritabike.com\/wp-content\/uploads\/2018\/02\/preview_Cattaneo-768x563.jpg 768w, https:\/\/www.burritabike.com\/wp-content\/uploads\/2018\/02\/preview_Cattaneo-1024x751.jpg 1024w, https:\/\/www.burritabike.com\/wp-content\/uploads\/2018\/02\/preview_Cattaneo.jpg 1080w\" sizes=\"(max-width: 300px) 100vw, 300px\" \/><\/a><\/p>\n<p>\u00bfTe lo vas a perder?<\/p>\n","protected":false},"excerpt":{"rendered":"<p>El\u00a0 WILIER TEAM FORCE EN LA ANDALUCIA BIKE RACE La Andaluc\u00eda Bike Race\u00a0 se supera de nuevo y demuestra ser la prueba de MTB por etapas de referencia en Espa\u00f1a y una de las m\u00e1s reconocidas del mundo; nuestro equipo, el WILIER FORCE TEAM, estar\u00e1 all\u00ed. Durante 6 d\u00edas,\u00a0 754 Mountain Bikers de 37 pa\u00edses [&hellip;]<\/p>\n","protected":false},"author":3,"featured_media":9396,"comment_status":"closed","ping_status":"open","sticky":false,"template":"","format":"standard","meta":{"_mi_skip_tracking":false,"_themeisle_gutenberg_block_has_review":false,"jetpack_publicize_message":"","jetpack_is_tweetstorm":false,"jetpack_publicize_feature_enabled":true,"jetpack_social_post_already_shared":true,"jetpack_social_options":[]},"categories":[348,41,306,305],"tags":[422,421],"jetpack_publicize_connections":[],"yoast_head":"<!-- This site is optimized with the Yoast SEO plugin v19.14 - https:\/\/yoast.com\/wordpress\/plugins\/seo\/ -->\n<title>El Wilier Force Team participar\u00e1 en la Andaluc\u00eda Bike Race<\/title>\n<meta name=\"description\" content=\"El Wilier Force Team participar\u00e1 en la Andaluc\u00eda Bike Race. Sobre sus WILIER TRIESTINA 101X, nos regalar\u00e1n grandes dosis de ciclismo profesional. Ven y con\u00f3celos con nosotros.\" \/>\n<meta name=\"robots\" content=\"index, follow, max-snippet:-1, max-image-preview:large, max-video-preview:-1\" \/>\n<link rel=\"canonical\" href=\"https:\/\/www.burritabike.com\/?p=9393\" \/>\n<meta property=\"og:locale\" content=\"es_ES\" \/>\n<meta property=\"og:type\" content=\"article\" \/>\n<meta property=\"og:title\" content=\"El Wilier Force Team participar\u00e1 en la Andaluc\u00eda Bike Race\" \/>\n<meta property=\"og:description\" content=\"El Wilier Force Team participar\u00e1 en la Andaluc\u00eda Bike Race. Sobre sus WILIER TRIESTINA 101X, nos regalar\u00e1n grandes dosis de ciclismo profesional. Ven y con\u00f3celos con nosotros.\" \/>\n<meta property=\"og:url\" content=\"https:\/\/www.burritabike.com\/?p=9393\" \/>\n<meta property=\"og:site_name\" content=\"Burrita Bike Store\" \/>\n<meta property=\"article:publisher\" content=\"https:\/\/www.facebook.com\/Burrita-Bike-175649685843399\/\" \/>\n<meta property=\"article:published_time\" content=\"2018-02-23T09:01:57+00:00\" \/>\n<meta property=\"og:image\" content=\"https:\/\/i0.wp.com\/www.burritabike.com\/wp-content\/uploads\/2018\/02\/master_slider_wf7c_2018-2-1500x720.jpg?fit=1500%2C720&ssl=1\" \/>\n\t<meta property=\"og:image:width\" content=\"1500\" \/>\n\t<meta property=\"og:image:height\" content=\"720\" \/>\n\t<meta property=\"og:image:type\" content=\"image\/jpeg\" \/>\n<meta name=\"author\" content=\"BURRITA BIKE\" \/>\n<meta name=\"twitter:card\" content=\"summary_large_image\" \/>\n<meta name=\"twitter:creator\" content=\"@burritabike\" \/>\n<meta name=\"twitter:site\" content=\"@burritabike\" \/>\n<meta name=\"twitter:label1\" content=\"Escrito por\" \/>\n\t<meta name=\"twitter:data1\" content=\"BURRITA BIKE\" \/>\n\t<meta name=\"twitter:label2\" content=\"Tiempo de lectura\" \/>\n\t<meta name=\"twitter:data2\" content=\"1 minuto\" \/>\n<script type=\"application\/ld+json\" class=\"yoast-schema-graph\">{\"@context\":\"https:\/\/schema.org\",\"@graph\":[{\"@type\":\"Article\",\"@id\":\"https:\/\/www.burritabike.com\/?p=9393#article\",\"isPartOf\":{\"@id\":\"https:\/\/www.burritabike.com\/?p=9393\"},\"author\":{\"name\":\"BURRITA BIKE\",\"@id\":\"https:\/\/www.burritabike.com\/#\/schema\/person\/87128dbb8b154341eafc70d2910b2456\"},\"headline\":\"El WILIER FORCE TEAM participar\u00e1 a la carrera ANDALUCIA BIKE RACE: \u00bfquieres conocerlos?\",\"datePublished\":\"2018-02-23T09:01:57+00:00\",\"dateModified\":\"2018-02-23T09:01:57+00:00\",\"mainEntityOfPage\":{\"@id\":\"https:\/\/www.burritabike.com\/?p=9393\"},\"wordCount\":230,\"publisher\":{\"@id\":\"https:\/\/www.burritabike.com\/#organization\"},\"keywords\":[\"Andaluc\u00eda Bike Race\",\"wilier force team\"],\"articleSection\":[\"2018\",\"BurritaBike\",\"Elegancia\",\"Estilo Italiano\"],\"inLanguage\":\"es\"},{\"@type\":\"WebPage\",\"@id\":\"https:\/\/www.burritabike.com\/?p=9393\",\"url\":\"https:\/\/www.burritabike.com\/?p=9393\",\"name\":\"El Wilier Force Team participar\u00e1 en la Andaluc\u00eda Bike Race\",\"isPartOf\":{\"@id\":\"https:\/\/www.burritabike.com\/#website\"},\"datePublished\":\"2018-02-23T09:01:57+00:00\",\"dateModified\":\"2018-02-23T09:01:57+00:00\",\"description\":\"El Wilier Force Team participar\u00e1 en la Andaluc\u00eda Bike Race. Sobre sus WILIER TRIESTINA 101X, nos regalar\u00e1n grandes dosis de ciclismo profesional. Ven y con\u00f3celos con nosotros.\",\"breadcrumb\":{\"@id\":\"https:\/\/www.burritabike.com\/?p=9393#breadcrumb\"},\"inLanguage\":\"es\",\"potentialAction\":[{\"@type\":\"ReadAction\",\"target\":[\"https:\/\/www.burritabike.com\/?p=9393\"]}]},{\"@type\":\"BreadcrumbList\",\"@id\":\"https:\/\/www.burritabike.com\/?p=9393#breadcrumb\",\"itemListElement\":[{\"@type\":\"ListItem\",\"position\":1,\"name\":\"Portada\",\"item\":\"https:\/\/www.burritabike.com\/\"},{\"@type\":\"ListItem\",\"position\":2,\"name\":\"El WILIER FORCE TEAM participar\u00e1 a la carrera ANDALUCIA BIKE RACE: \u00bfquieres conocerlos?\"}]},{\"@type\":\"WebSite\",\"@id\":\"https:\/\/www.burritabike.com\/#website\",\"url\":\"https:\/\/www.burritabike.com\/\",\"name\":\"Burrita Bike Store\",\"description\":\"Pasi\u00f3n por el Ciclismo\",\"publisher\":{\"@id\":\"https:\/\/www.burritabike.com\/#organization\"},\"potentialAction\":[{\"@type\":\"SearchAction\",\"target\":{\"@type\":\"EntryPoint\",\"urlTemplate\":\"https:\/\/www.burritabike.com\/?s={search_term_string}\"},\"query-input\":\"required name=search_term_string\"}],\"inLanguage\":\"es\"},{\"@type\":\"Organization\",\"@id\":\"https:\/\/www.burritabike.com\/#organization\",\"name\":\"BURRITA BIKE STORE\",\"url\":\"https:\/\/www.burritabike.com\/\",\"logo\":{\"@type\":\"ImageObject\",\"inLanguage\":\"es\",\"@id\":\"https:\/\/www.burritabike.com\/#\/schema\/logo\/image\/\",\"url\":\"https:\/\/www.burritabike.com\/wp-content\/uploads\/2019\/03\/logo-burrita-completo-con-copyrigth.jpg\",\"contentUrl\":\"https:\/\/www.burritabike.com\/wp-content\/uploads\/2019\/03\/logo-burrita-completo-con-copyrigth.jpg\",\"width\":908,\"height\":845,\"caption\":\"BURRITA BIKE STORE\"},\"image\":{\"@id\":\"https:\/\/www.burritabike.com\/#\/schema\/logo\/image\/\"},\"sameAs\":[\"https:\/\/www.instagram.com\/burritabike\/\",\"https:\/\/www.facebook.com\/Burrita-Bike-175649685843399\/\",\"https:\/\/twitter.com\/burritabike\"]},{\"@type\":\"Person\",\"@id\":\"https:\/\/www.burritabike.com\/#\/schema\/person\/87128dbb8b154341eafc70d2910b2456\",\"name\":\"BURRITA BIKE\",\"image\":{\"@type\":\"ImageObject\",\"inLanguage\":\"es\",\"@id\":\"https:\/\/www.burritabike.com\/#\/schema\/person\/image\/\",\"url\":\"https:\/\/secure.gravatar.com\/avatar\/00123286d33db4be78d2b35c0fedb4af?s=96&d=mm&r=g\",\"contentUrl\":\"https:\/\/secure.gravatar.com\/avatar\/00123286d33db4be78d2b35c0fedb4af?s=96&d=mm&r=g\",\"caption\":\"BURRITA BIKE\"},\"sameAs\":[\"http:\/\/www.burritabike.com\"]}]}<\/script>\n<!-- \/ Yoast SEO plugin. -->","yoast_head_json":{"title":"El Wilier Force Team participar\u00e1 en la Andaluc\u00eda Bike Race","description":"El Wilier Force Team participar\u00e1 en la Andaluc\u00eda Bike Race. Sobre sus WILIER TRIESTINA 101X, nos regalar\u00e1n grandes dosis de ciclismo profesional. Ven y con\u00f3celos con nosotros.","robots":{"index":"index","follow":"follow","max-snippet":"max-snippet:-1","max-image-preview":"max-image-preview:large","max-video-preview":"max-video-preview:-1"},"canonical":"https:\/\/www.burritabike.com\/?p=9393","og_locale":"es_ES","og_type":"article","og_title":"El Wilier Force Team participar\u00e1 en la Andaluc\u00eda Bike Race","og_description":"El Wilier Force Team participar\u00e1 en la Andaluc\u00eda Bike Race. Sobre sus WILIER TRIESTINA 101X, nos regalar\u00e1n grandes dosis de ciclismo profesional. Ven y con\u00f3celos con nosotros.","og_url":"https:\/\/www.burritabike.com\/?p=9393","og_site_name":"Burrita Bike Store","article_publisher":"https:\/\/www.facebook.com\/Burrita-Bike-175649685843399\/","article_published_time":"2018-02-23T09:01:57+00:00","og_image":[{"width":1500,"height":720,"url":"https:\/\/i0.wp.com\/www.burritabike.com\/wp-content\/uploads\/2018\/02\/master_slider_wf7c_2018-2-1500x720.jpg?fit=1500%2C720&ssl=1","type":"image\/jpeg"}],"author":"BURRITA BIKE","twitter_card":"summary_large_image","twitter_creator":"@burritabike","twitter_site":"@burritabike","twitter_misc":{"Escrito por":"BURRITA BIKE","Tiempo de lectura":"1 minuto"},"schema":{"@context":"https:\/\/schema.org","@graph":[{"@type":"Article","@id":"https:\/\/www.burritabike.com\/?p=9393#article","isPartOf":{"@id":"https:\/\/www.burritabike.com\/?p=9393"},"author":{"name":"BURRITA BIKE","@id":"https:\/\/www.burritabike.com\/#\/schema\/person\/87128dbb8b154341eafc70d2910b2456"},"headline":"El WILIER FORCE TEAM participar\u00e1 a la carrera ANDALUCIA BIKE RACE: \u00bfquieres conocerlos?","datePublished":"2018-02-23T09:01:57+00:00","dateModified":"2018-02-23T09:01:57+00:00","mainEntityOfPage":{"@id":"https:\/\/www.burritabike.com\/?p=9393"},"wordCount":230,"publisher":{"@id":"https:\/\/www.burritabike.com\/#organization"},"keywords":["Andaluc\u00eda Bike Race","wilier force team"],"articleSection":["2018","BurritaBike","Elegancia","Estilo Italiano"],"inLanguage":"es"},{"@type":"WebPage","@id":"https:\/\/www.burritabike.com\/?p=9393","url":"https:\/\/www.burritabike.com\/?p=9393","name":"El Wilier Force Team participar\u00e1 en la Andaluc\u00eda Bike Race","isPartOf":{"@id":"https:\/\/www.burritabike.com\/#website"},"datePublished":"2018-02-23T09:01:57+00:00","dateModified":"2018-02-23T09:01:57+00:00","description":"El Wilier Force Team participar\u00e1 en la Andaluc\u00eda Bike Race. Sobre sus WILIER TRIESTINA 101X, nos regalar\u00e1n grandes dosis de ciclismo profesional. Ven y con\u00f3celos con nosotros.","breadcrumb":{"@id":"https:\/\/www.burritabike.com\/?p=9393#breadcrumb"},"inLanguage":"es","potentialAction":[{"@type":"ReadAction","target":["https:\/\/www.burritabike.com\/?p=9393"]}]},{"@type":"BreadcrumbList","@id":"https:\/\/www.burritabike.com\/?p=9393#breadcrumb","itemListElement":[{"@type":"ListItem","position":1,"name":"Portada","item":"https:\/\/www.burritabike.com\/"},{"@type":"ListItem","position":2,"name":"El WILIER FORCE TEAM participar\u00e1 a la carrera ANDALUCIA BIKE RACE: \u00bfquieres conocerlos?"}]},{"@type":"WebSite","@id":"https:\/\/www.burritabike.com\/#website","url":"https:\/\/www.burritabike.com\/","name":"Burrita Bike Store","description":"Pasi\u00f3n por el Ciclismo","publisher":{"@id":"https:\/\/www.burritabike.com\/#organization"},"potentialAction":[{"@type":"SearchAction","target":{"@type":"EntryPoint","urlTemplate":"https:\/\/www.burritabike.com\/?s={search_term_string}"},"query-input":"required name=search_term_string"}],"inLanguage":"es"},{"@type":"Organization","@id":"https:\/\/www.burritabike.com\/#organization","name":"BURRITA BIKE STORE","url":"https:\/\/www.burritabike.com\/","logo":{"@type":"ImageObject","inLanguage":"es","@id":"https:\/\/www.burritabike.com\/#\/schema\/logo\/image\/","url":"https:\/\/www.burritabike.com\/wp-content\/uploads\/2019\/03\/logo-burrita-completo-con-copyrigth.jpg","contentUrl":"https:\/\/www.burritabike.com\/wp-content\/uploads\/2019\/03\/logo-burrita-completo-con-copyrigth.jpg","width":908,"height":845,"caption":"BURRITA BIKE STORE"},"image":{"@id":"https:\/\/www.burritabike.com\/#\/schema\/logo\/image\/"},"sameAs":["https:\/\/www.instagram.com\/burritabike\/","https:\/\/www.facebook.com\/Burrita-Bike-175649685843399\/","https:\/\/twitter.com\/burritabike"]},{"@type":"Person","@id":"https:\/\/www.burritabike.com\/#\/schema\/person\/87128dbb8b154341eafc70d2910b2456","name":"BURRITA BIKE","image":{"@type":"ImageObject","inLanguage":"es","@id":"https:\/\/www.burritabike.com\/#\/schema\/person\/image\/","url":"https:\/\/secure.gravatar.com\/avatar\/00123286d33db4be78d2b35c0fedb4af?s=96&d=mm&r=g","contentUrl":"https:\/\/secure.gravatar.com\/avatar\/00123286d33db4be78d2b35c0fedb4af?s=96&d=mm&r=g","caption":"BURRITA BIKE"},"sameAs":["http:\/\/www.burritabike.com"]}]}},"_links":{"self":[{"href":"https:\/\/www.burritabike.com\/index.php?rest_route=\/wp\/v2\/posts\/9393"}],"collection":[{"href":"https:\/\/www.burritabike.com\/index.php?rest_route=\/wp\/v2\/posts"}],"about":[{"href":"https:\/\/www.burritabike.com\/index.php?rest_route=\/wp\/v2\/types\/post"}],"author":[{"embeddable":true,"href":"https:\/\/www.burritabike.com\/index.php?rest_route=\/wp\/v2\/users\/3"}],"replies":[{"embeddable":true,"href":"https:\/\/www.burritabike.com\/index.php?rest_route=%2Fwp%2Fv2%2Fcomments&post=9393"}],"version-history":[{"count":1,"href":"https:\/\/www.burritabike.com\/index.php?rest_route=\/wp\/v2\/posts\/9393\/revisions"}],"predecessor-version":[{"id":9404,"href":"https:\/\/www.burritabike.com\/index.php?rest_route=\/wp\/v2\/posts\/9393\/revisions\/9404"}],"wp:featuredmedia":[{"embeddable":true,"href":"https:\/\/www.burritabike.com\/index.php?rest_route=\/wp\/v2\/media\/9396"}],"wp:attachment":[{"href":"https:\/\/www.burritabike.com\/index.php?rest_route=%2Fwp%2Fv2%2Fmedia&parent=9393"}],"wp:term":[{"taxonomy":"category","embeddable":true,"href":"https:\/\/www.burritabike.com\/index.php?rest_route=%2Fwp%2Fv2%2Fcategories&post=9393"},{"taxonomy":"post_tag","embeddable":true,"href":"https:\/\/www.burritabike.com\/index.php?rest_route=%2Fwp%2Fv2%2Ftags&post=9393"}],"curies":[{"name":"wp","href":"https:\/\/api.w.org\/{rel}","templated":true}]}}