{"id":6167,"date":"2015-07-07T10:22:38","date_gmt":"2015-07-07T10:22:38","guid":{"rendered":"http:\/\/www.burritabike.com\/?p=6167"},"modified":"2015-07-08T11:47:15","modified_gmt":"2015-07-08T11:47:15","slug":"el-casco-oficial-del-bora-argon-18-tec-tical-pro-v-2-oferta-limitada-en-burrita-bike","status":"publish","type":"post","link":"https:\/\/www.burritabike.com\/?p=6167","title":{"rendered":"El Casco Oficial del Bora-Argon 18 Tec-Tical Pro v.2, oferta limitada en Burrita Bike:"},"content":{"rendered":"<p><span style=\"line-height: 24px;\">Una  nueva  edici\u00f3n  del  evento deportivo   m\u00e1s importante del a\u00f1o, el Tour de Francia, ha comenzado. Y ABUS estar\u00e1 presente como partner del equipo BORA-Argon  18,  suministrando  los   exitosos  cascos  Tec-Tical  Pro  v.2,  en  su   versi\u00f3n  espec\u00edfica  para \u00e9ste  equipo  UCI  Pro  Tour. Y  como  aperitivo  a  tan  importante  cita,  el  BORA-Argon  18  llega plet\u00f3rico  tras  la victoria de Emanuel  \u201cEmu\u201d  Buchmann  en  el Campeonato Alem\u00e1n de fondo en carretera el pasado 28 de Junio.&nbsp;<\/span><br \/>\nEl casco Tec-Tical Pro v.2 se ha erigido en una de las grandes sorpresas de la temporada por su gran relaci\u00f3n calidad-precio, y sus caracter\u00edsticas t\u00e9cnicas. &nbsp;<\/p>\n<p>La  tecnolog\u00eda EPS-multidensidad,  cu\u00e1druple  refuerzo  interno   AST  (ABUS  Safety  Tech),  y  triple  carcasa  in-mold,  consiguen un casco   extremadamente  seguro  (homologaci\u00f3n  T\u00dcV)  y  ligero,  con  tan  s\u00f3lo  245  gramos de peso  en  talla M. &nbsp;<\/p>\n<p>Adem\u00e1s,  su  ventilaci\u00f3n  es extrema  gracias  a  las  20  entradas  y  11  salidas  de  aire  conectadas  por  canales  internos,  y  su  comodidad  m\u00e1xima,  gracias  al  sistema de  cierre  Zoom  de ruedecilla con  una  sola  mano  y  las  correas  de ajuste  fabricadas  en  material  s\u00faper  transpirable y  rematadas  con  un bordado reflectante.<\/p>\n<p><b>Ellos ya tienen el suyo y el tuyo est\u00e1 en Burrita Bike<\/b>.<\/p>\n<p>&nbsp;&nbsp;<br \/>\n&nbsp;&nbsp;<br \/>\n&nbsp;<\/p>\n<p>&nbsp;&nbsp; &nbsp;&nbsp;<\/p>\n","protected":false},"excerpt":{"rendered":"<p>Una nueva edici\u00f3n del evento deportivo m\u00e1s importante del a\u00f1o, el Tour de Francia, ha comenzado. Y ABUS estar\u00e1 presente como partner del equipo BORA-Argon 18, suministrando los exitosos cascos Tec-Tical Pro v.2, en su versi\u00f3n espec\u00edfica para \u00e9ste equipo UCI Pro Tour. Y como aperitivo a tan importante cita, el BORA-Argon 18 llega plet\u00f3rico [&hellip;]<\/p>\n","protected":false},"author":1,"featured_media":0,"comment_status":"closed","ping_status":"open","sticky":false,"template":"","format":"standard","meta":{"_mi_skip_tracking":false,"_themeisle_gutenberg_block_has_review":false,"jetpack_publicize_message":"","jetpack_is_tweetstorm":false,"jetpack_publicize_feature_enabled":true,"jetpack_social_post_already_shared":false,"jetpack_social_options":[]},"categories":[41],"tags":[],"jetpack_publicize_connections":[],"yoast_head":"<!-- This site is optimized with the Yoast SEO plugin v19.14 - https:\/\/yoast.com\/wordpress\/plugins\/seo\/ -->\n<title>El Casco Oficial del Bora-Argon 18 Tec-Tical Pro v.2, oferta limitada en Burrita Bike: - Burrita Bike Store<\/title>\n<meta name=\"robots\" content=\"index, follow, max-snippet:-1, max-image-preview:large, max-video-preview:-1\" \/>\n<link rel=\"canonical\" href=\"https:\/\/www.burritabike.com\/?p=6167\" \/>\n<meta property=\"og:locale\" content=\"es_ES\" \/>\n<meta property=\"og:type\" content=\"article\" \/>\n<meta property=\"og:title\" content=\"El Casco Oficial del Bora-Argon 18 Tec-Tical Pro v.2, oferta limitada en Burrita Bike: - Burrita Bike Store\" \/>\n<meta property=\"og:description\" content=\"Una nueva edici\u00f3n del evento deportivo m\u00e1s importante del a\u00f1o, el Tour de Francia, ha comenzado. Y ABUS estar\u00e1 presente como partner del equipo BORA-Argon 18, suministrando los exitosos cascos Tec-Tical Pro v.2, en su versi\u00f3n espec\u00edfica para \u00e9ste equipo UCI Pro Tour. Y como aperitivo a tan importante cita, el BORA-Argon 18 llega plet\u00f3rico [&hellip;]\" \/>\n<meta property=\"og:url\" content=\"https:\/\/www.burritabike.com\/?p=6167\" \/>\n<meta property=\"og:site_name\" content=\"Burrita Bike Store\" \/>\n<meta property=\"article:publisher\" content=\"https:\/\/www.facebook.com\/Burrita-Bike-175649685843399\/\" \/>\n<meta property=\"article:published_time\" content=\"2015-07-07T10:22:38+00:00\" \/>\n<meta property=\"article:modified_time\" content=\"2015-07-08T11:47:15+00:00\" \/>\n<meta property=\"og:image\" content=\"https:\/\/www.burritabike.com\/wp-content\/uploads\/2017\/07\/IMG_0461.jpg\" \/>\n\t<meta property=\"og:image:width\" content=\"1060\" \/>\n\t<meta property=\"og:image:height\" content=\"392\" \/>\n\t<meta property=\"og:image:type\" content=\"image\/jpeg\" \/>\n<meta name=\"author\" content=\"admin\" \/>\n<meta name=\"twitter:card\" content=\"summary_large_image\" \/>\n<meta name=\"twitter:creator\" content=\"@burritabike\" \/>\n<meta name=\"twitter:site\" content=\"@burritabike\" \/>\n<meta name=\"twitter:label1\" content=\"Escrito por\" \/>\n\t<meta name=\"twitter:data1\" content=\"admin\" \/>\n\t<meta name=\"twitter:label2\" content=\"Tiempo de lectura\" \/>\n\t<meta name=\"twitter:data2\" content=\"1 minuto\" \/>\n<script type=\"application\/ld+json\" class=\"yoast-schema-graph\">{\"@context\":\"https:\/\/schema.org\",\"@graph\":[{\"@type\":\"Article\",\"@id\":\"https:\/\/www.burritabike.com\/?p=6167#article\",\"isPartOf\":{\"@id\":\"https:\/\/www.burritabike.com\/?p=6167\"},\"author\":{\"name\":\"admin\",\"@id\":\"https:\/\/www.burritabike.com\/#\/schema\/person\/3563c6efb697f1307a7946094928c14e\"},\"headline\":\"El Casco Oficial del Bora-Argon 18 Tec-Tical Pro v.2, oferta limitada en Burrita Bike:\",\"datePublished\":\"2015-07-07T10:22:38+00:00\",\"dateModified\":\"2015-07-08T11:47:15+00:00\",\"mainEntityOfPage\":{\"@id\":\"https:\/\/www.burritabike.com\/?p=6167\"},\"wordCount\":235,\"publisher\":{\"@id\":\"https:\/\/www.burritabike.com\/#organization\"},\"articleSection\":[\"BurritaBike\"],\"inLanguage\":\"es\"},{\"@type\":\"WebPage\",\"@id\":\"https:\/\/www.burritabike.com\/?p=6167\",\"url\":\"https:\/\/www.burritabike.com\/?p=6167\",\"name\":\"El Casco Oficial del Bora-Argon 18 Tec-Tical Pro v.2, oferta limitada en Burrita Bike: - Burrita Bike Store\",\"isPartOf\":{\"@id\":\"https:\/\/www.burritabike.com\/#website\"},\"datePublished\":\"2015-07-07T10:22:38+00:00\",\"dateModified\":\"2015-07-08T11:47:15+00:00\",\"breadcrumb\":{\"@id\":\"https:\/\/www.burritabike.com\/?p=6167#breadcrumb\"},\"inLanguage\":\"es\",\"potentialAction\":[{\"@type\":\"ReadAction\",\"target\":[\"https:\/\/www.burritabike.com\/?p=6167\"]}]},{\"@type\":\"BreadcrumbList\",\"@id\":\"https:\/\/www.burritabike.com\/?p=6167#breadcrumb\",\"itemListElement\":[{\"@type\":\"ListItem\",\"position\":1,\"name\":\"Portada\",\"item\":\"https:\/\/www.burritabike.com\/\"},{\"@type\":\"ListItem\",\"position\":2,\"name\":\"El Casco Oficial del Bora-Argon 18 Tec-Tical Pro v.2, oferta limitada en Burrita Bike:\"}]},{\"@type\":\"WebSite\",\"@id\":\"https:\/\/www.burritabike.com\/#website\",\"url\":\"https:\/\/www.burritabike.com\/\",\"name\":\"Burrita Bike Store\",\"description\":\"Pasi\u00f3n por el Ciclismo\",\"publisher\":{\"@id\":\"https:\/\/www.burritabike.com\/#organization\"},\"potentialAction\":[{\"@type\":\"SearchAction\",\"target\":{\"@type\":\"EntryPoint\",\"urlTemplate\":\"https:\/\/www.burritabike.com\/?s={search_term_string}\"},\"query-input\":\"required name=search_term_string\"}],\"inLanguage\":\"es\"},{\"@type\":\"Organization\",\"@id\":\"https:\/\/www.burritabike.com\/#organization\",\"name\":\"BURRITA BIKE STORE\",\"url\":\"https:\/\/www.burritabike.com\/\",\"logo\":{\"@type\":\"ImageObject\",\"inLanguage\":\"es\",\"@id\":\"https:\/\/www.burritabike.com\/#\/schema\/logo\/image\/\",\"url\":\"https:\/\/www.burritabike.com\/wp-content\/uploads\/2019\/03\/logo-burrita-completo-con-copyrigth.jpg\",\"contentUrl\":\"https:\/\/www.burritabike.com\/wp-content\/uploads\/2019\/03\/logo-burrita-completo-con-copyrigth.jpg\",\"width\":908,\"height\":845,\"caption\":\"BURRITA BIKE STORE\"},\"image\":{\"@id\":\"https:\/\/www.burritabike.com\/#\/schema\/logo\/image\/\"},\"sameAs\":[\"https:\/\/www.instagram.com\/burritabike\/\",\"https:\/\/www.facebook.com\/Burrita-Bike-175649685843399\/\",\"https:\/\/twitter.com\/burritabike\"]},{\"@type\":\"Person\",\"@id\":\"https:\/\/www.burritabike.com\/#\/schema\/person\/3563c6efb697f1307a7946094928c14e\",\"name\":\"admin\",\"image\":{\"@type\":\"ImageObject\",\"inLanguage\":\"es\",\"@id\":\"https:\/\/www.burritabike.com\/#\/schema\/person\/image\/\",\"url\":\"https:\/\/secure.gravatar.com\/avatar\/8c117fef64d37182dd3844dbf7fa1538?s=96&d=mm&r=g\",\"contentUrl\":\"https:\/\/secure.gravatar.com\/avatar\/8c117fef64d37182dd3844dbf7fa1538?s=96&d=mm&r=g\",\"caption\":\"admin\"}}]}<\/script>\n<!-- \/ Yoast SEO plugin. -->","yoast_head_json":{"title":"El Casco Oficial del Bora-Argon 18 Tec-Tical Pro v.2, oferta limitada en Burrita Bike: - Burrita Bike Store","robots":{"index":"index","follow":"follow","max-snippet":"max-snippet:-1","max-image-preview":"max-image-preview:large","max-video-preview":"max-video-preview:-1"},"canonical":"https:\/\/www.burritabike.com\/?p=6167","og_locale":"es_ES","og_type":"article","og_title":"El Casco Oficial del Bora-Argon 18 Tec-Tical Pro v.2, oferta limitada en Burrita Bike: - Burrita Bike Store","og_description":"Una nueva edici\u00f3n del evento deportivo m\u00e1s importante del a\u00f1o, el Tour de Francia, ha comenzado. Y ABUS estar\u00e1 presente como partner del equipo BORA-Argon 18, suministrando los exitosos cascos Tec-Tical Pro v.2, en su versi\u00f3n espec\u00edfica para \u00e9ste equipo UCI Pro Tour. Y como aperitivo a tan importante cita, el BORA-Argon 18 llega plet\u00f3rico [&hellip;]","og_url":"https:\/\/www.burritabike.com\/?p=6167","og_site_name":"Burrita Bike Store","article_publisher":"https:\/\/www.facebook.com\/Burrita-Bike-175649685843399\/","article_published_time":"2015-07-07T10:22:38+00:00","article_modified_time":"2015-07-08T11:47:15+00:00","og_image":[{"width":1060,"height":392,"url":"https:\/\/www.burritabike.com\/wp-content\/uploads\/2017\/07\/IMG_0461.jpg","type":"image\/jpeg"}],"author":"admin","twitter_card":"summary_large_image","twitter_creator":"@burritabike","twitter_site":"@burritabike","twitter_misc":{"Escrito por":"admin","Tiempo de lectura":"1 minuto"},"schema":{"@context":"https:\/\/schema.org","@graph":[{"@type":"Article","@id":"https:\/\/www.burritabike.com\/?p=6167#article","isPartOf":{"@id":"https:\/\/www.burritabike.com\/?p=6167"},"author":{"name":"admin","@id":"https:\/\/www.burritabike.com\/#\/schema\/person\/3563c6efb697f1307a7946094928c14e"},"headline":"El Casco Oficial del Bora-Argon 18 Tec-Tical Pro v.2, oferta limitada en Burrita Bike:","datePublished":"2015-07-07T10:22:38+00:00","dateModified":"2015-07-08T11:47:15+00:00","mainEntityOfPage":{"@id":"https:\/\/www.burritabike.com\/?p=6167"},"wordCount":235,"publisher":{"@id":"https:\/\/www.burritabike.com\/#organization"},"articleSection":["BurritaBike"],"inLanguage":"es"},{"@type":"WebPage","@id":"https:\/\/www.burritabike.com\/?p=6167","url":"https:\/\/www.burritabike.com\/?p=6167","name":"El Casco Oficial del Bora-Argon 18 Tec-Tical Pro v.2, oferta limitada en Burrita Bike: - Burrita Bike Store","isPartOf":{"@id":"https:\/\/www.burritabike.com\/#website"},"datePublished":"2015-07-07T10:22:38+00:00","dateModified":"2015-07-08T11:47:15+00:00","breadcrumb":{"@id":"https:\/\/www.burritabike.com\/?p=6167#breadcrumb"},"inLanguage":"es","potentialAction":[{"@type":"ReadAction","target":["https:\/\/www.burritabike.com\/?p=6167"]}]},{"@type":"BreadcrumbList","@id":"https:\/\/www.burritabike.com\/?p=6167#breadcrumb","itemListElement":[{"@type":"ListItem","position":1,"name":"Portada","item":"https:\/\/www.burritabike.com\/"},{"@type":"ListItem","position":2,"name":"El Casco Oficial del Bora-Argon 18 Tec-Tical Pro v.2, oferta limitada en Burrita Bike:"}]},{"@type":"WebSite","@id":"https:\/\/www.burritabike.com\/#website","url":"https:\/\/www.burritabike.com\/","name":"Burrita Bike Store","description":"Pasi\u00f3n por el Ciclismo","publisher":{"@id":"https:\/\/www.burritabike.com\/#organization"},"potentialAction":[{"@type":"SearchAction","target":{"@type":"EntryPoint","urlTemplate":"https:\/\/www.burritabike.com\/?s={search_term_string}"},"query-input":"required name=search_term_string"}],"inLanguage":"es"},{"@type":"Organization","@id":"https:\/\/www.burritabike.com\/#organization","name":"BURRITA BIKE STORE","url":"https:\/\/www.burritabike.com\/","logo":{"@type":"ImageObject","inLanguage":"es","@id":"https:\/\/www.burritabike.com\/#\/schema\/logo\/image\/","url":"https:\/\/www.burritabike.com\/wp-content\/uploads\/2019\/03\/logo-burrita-completo-con-copyrigth.jpg","contentUrl":"https:\/\/www.burritabike.com\/wp-content\/uploads\/2019\/03\/logo-burrita-completo-con-copyrigth.jpg","width":908,"height":845,"caption":"BURRITA BIKE STORE"},"image":{"@id":"https:\/\/www.burritabike.com\/#\/schema\/logo\/image\/"},"sameAs":["https:\/\/www.instagram.com\/burritabike\/","https:\/\/www.facebook.com\/Burrita-Bike-175649685843399\/","https:\/\/twitter.com\/burritabike"]},{"@type":"Person","@id":"https:\/\/www.burritabike.com\/#\/schema\/person\/3563c6efb697f1307a7946094928c14e","name":"admin","image":{"@type":"ImageObject","inLanguage":"es","@id":"https:\/\/www.burritabike.com\/#\/schema\/person\/image\/","url":"https:\/\/secure.gravatar.com\/avatar\/8c117fef64d37182dd3844dbf7fa1538?s=96&d=mm&r=g","contentUrl":"https:\/\/secure.gravatar.com\/avatar\/8c117fef64d37182dd3844dbf7fa1538?s=96&d=mm&r=g","caption":"admin"}}]}},"_links":{"self":[{"href":"https:\/\/www.burritabike.com\/index.php?rest_route=\/wp\/v2\/posts\/6167"}],"collection":[{"href":"https:\/\/www.burritabike.com\/index.php?rest_route=\/wp\/v2\/posts"}],"about":[{"href":"https:\/\/www.burritabike.com\/index.php?rest_route=\/wp\/v2\/types\/post"}],"author":[{"embeddable":true,"href":"https:\/\/www.burritabike.com\/index.php?rest_route=\/wp\/v2\/users\/1"}],"replies":[{"embeddable":true,"href":"https:\/\/www.burritabike.com\/index.php?rest_route=%2Fwp%2Fv2%2Fcomments&post=6167"}],"version-history":[{"count":3,"href":"https:\/\/www.burritabike.com\/index.php?rest_route=\/wp\/v2\/posts\/6167\/revisions"}],"predecessor-version":[{"id":6170,"href":"https:\/\/www.burritabike.com\/index.php?rest_route=\/wp\/v2\/posts\/6167\/revisions\/6170"}],"wp:attachment":[{"href":"https:\/\/www.burritabike.com\/index.php?rest_route=%2Fwp%2Fv2%2Fmedia&parent=6167"}],"wp:term":[{"taxonomy":"category","embeddable":true,"href":"https:\/\/www.burritabike.com\/index.php?rest_route=%2Fwp%2Fv2%2Fcategories&post=6167"},{"taxonomy":"post_tag","embeddable":true,"href":"https:\/\/www.burritabike.com\/index.php?rest_route=%2Fwp%2Fv2%2Ftags&post=6167"}],"curies":[{"name":"wp","href":"https:\/\/api.w.org\/{rel}","templated":true}]}}