{"id":6153,"date":"2015-06-30T15:52:15","date_gmt":"2015-06-30T15:52:15","guid":{"rendered":"http:\/\/www.burritabike.com\/?p=6153"},"modified":"2015-06-30T15:52:15","modified_gmt":"2015-06-30T15:52:15","slug":"gtr-sl-y-gtr-team-tecnologia-italiana-que-lidera-la-evolucion-ya-disponible-en-tienda-los-modelos-2016-de-wilier-triestina","status":"publish","type":"post","link":"https:\/\/www.burritabike.com\/?p=6153","title":{"rendered":"GTR SL Y GTR TEAM: Tecnolog\u00eda italiana que lidera la evoluci\u00f3n  Ya disponible en tienda los modelos 2016 de Wilier Triestina"},"content":{"rendered":"<h2><a href=\"https:\/\/vimeo.com\/131665585\" target=\"_blank\">GTR SL<\/a><\/h2>\n<div class=\"text\">\n<p>Tecnolog\u00eda italiana que lidera la evoluci\u00f3n<\/p>\n<p>Sean o no ciclistas profesionales, los usuarios de los modelos GTR SL o GTR TEAM podr\u00e1n disfrutar de una bicicleta que se adapta perfectamente a varios usos.<\/p>\n<p>Se trata de una l\u00ednea ligera, de alto rendimiento y reactiva apta para ciclistas profesionales, pero tambi\u00e9n ofrece comodidad, versatilidad y una conducci\u00f3n sencilla para aquellos a quienes les apasiona disfrutar del pedaleo sin estr\u00e9s. GTR SL y GTR TEAM son dos cuadros de carbono monocasco que nacen del mismo molde, \u200b pero que difieren en el tipo de fibra utilizada, de tal forma que ofrecen dos cuadros con las mismas tecnolog\u00edas de fabricaci\u00f3n, pero con un peso y precio distintos.<\/p>\n<p>&nbsp;<\/p>\n<\/div>\n<p><a href=\"http:\/\/www.burritabike.com\/wp-content\/uploads\/2015\/06\/wilier-2016-gtr-team.jpg\"><img decoding=\"async\" loading=\"lazy\" class=\"aligncenter size-medium wp-image-6154\" src=\"http:\/\/www.burritabike.com\/wp-content\/uploads\/2015\/06\/wilier-2016-gtr-team-300x188.jpg\" alt=\"wilier 2016 gtr team\" width=\"300\" height=\"188\" srcset=\"https:\/\/www.burritabike.com\/wp-content\/uploads\/2015\/06\/wilier-2016-gtr-team-300x188.jpg 300w, https:\/\/www.burritabike.com\/wp-content\/uploads\/2015\/06\/wilier-2016-gtr-team.jpg 960w\" sizes=\"(max-width: 300px) 100vw, 300px\" \/><\/a><\/p>\n<p>&nbsp;<\/p>\n<p><a href=\"http:\/\/www.burritabike.com\/wp-content\/uploads\/2015\/06\/wilier-2016-gtr-sl.jpg\"><img decoding=\"async\" loading=\"lazy\" class=\"aligncenter size-medium wp-image-6155\" src=\"http:\/\/www.burritabike.com\/wp-content\/uploads\/2015\/06\/wilier-2016-gtr-sl-300x188.jpg\" alt=\"wilier 2016 gtr sl\" width=\"300\" height=\"188\" srcset=\"https:\/\/www.burritabike.com\/wp-content\/uploads\/2015\/06\/wilier-2016-gtr-sl-300x188.jpg 300w, https:\/\/www.burritabike.com\/wp-content\/uploads\/2015\/06\/wilier-2016-gtr-sl.jpg 960w\" sizes=\"(max-width: 300px) 100vw, 300px\" \/><\/a><\/p>\n<p>&nbsp;<\/p>\n<div class=\"left col-xs-12 col-sm-8 col-md-10\">\n<h2>GTR SL <span class=\"sep\">\/ <\/span><span class=\"Section\">Especificaciones<\/span><\/h2>\n<\/div>\n<div class=\"ProductSpecsList\">\n<table class=\"specs\">\n<tbody>\n<tr>\n<th width=\"20%\"><\/th>\n<th class=\"filter hidden-xs\" width=\"20%\">Fabricante de la transmisi\u00f3n<\/th>\n<th class=\"filter\" width=\"20%\">Modelo de la transmisi\u00f3n<\/th>\n<th class=\"filter\" width=\"20%\">Ruedas<\/th>\n<th width=\"10%\"><\/th>\n<th class=\"hidden-sm hidden-xs\" width=\"10%\"><\/th>\n<\/tr>\n<tr class=\"spec-header\">\n<td class=\"hidden-xs title\">W606EME<\/td>\n<td class=\"hidden-xs\">Campagnolo<\/td>\n<td>Record<\/td>\n<td>Campagnolo Shamal Mille<\/td>\n<td nowrap=\"nowrap\"><\/td>\n<td class=\"hidden-sm hidden-xs\"><\/td>\n<\/tr>\n<tr class=\"spec-header\">\n<td class=\"hidden-xs title\">W606LQU<\/td>\n<td class=\"hidden-xs\">Shimano<\/td>\n<td>Ultegra Di2<\/td>\n<td>Mavic Ksyrium Equipe<\/td>\n<td nowrap=\"nowrap\"><\/td>\n<td class=\"hidden-sm hidden-xs\"><\/td>\n<\/tr>\n<tr class=\"spec-header\">\n<td class=\"hidden-xs title\">W606LRU<\/td>\n<td class=\"hidden-xs\">Shimano<\/td>\n<td>Ultegra Di2<\/td>\n<td>Shimano RS010<\/td>\n<td nowrap=\"nowrap\"><\/td>\n<td class=\"hidden-sm hidden-xs\"><\/td>\n<\/tr>\n<tr class=\"spec-header\">\n<td class=\"hidden-xs title\">W606CSC<\/td>\n<td class=\"hidden-xs\">Campagnolo<\/td>\n<td>Chorus<\/td>\n<td>Campagnolo Scirocco 35<\/td>\n<td nowrap=\"nowrap\"><\/td>\n<td class=\"hidden-sm hidden-xs\"><\/td>\n<\/tr>\n<tr class=\"spec-header\">\n<td class=\"hidden-xs title\">W606UQU<\/td>\n<td class=\"hidden-xs\">Shimano<\/td>\n<td>Ultegra<\/td>\n<td>Mavic Ksyrium Equipe<\/td>\n<td nowrap=\"nowrap\"><\/td>\n<td class=\"hidden-sm hidden-xs\"><\/td>\n<\/tr>\n<tr class=\"spec-header\">\n<td class=\"hidden-xs title\">W606URU<\/td>\n<td class=\"hidden-xs\">Shimano<\/td>\n<td>Ultegra<\/td>\n<td>Ritchey COMP tapered, PRD 18228<\/td>\n<td nowrap=\"nowrap\"><\/td>\n<td class=\"hidden-sm hidden-xs\"><\/td>\n<\/tr>\n<tr class=\"spec-header\">\n<td class=\"hidden-xs title\">W606U6U<\/td>\n<td class=\"hidden-xs\">Shimano<\/td>\n<td>Ultegra<\/td>\n<td>Shimano WH-6800<\/td>\n<td nowrap=\"nowrap\"><\/td>\n<td class=\"hidden-sm hidden-xs\"><\/td>\n<\/tr>\n<tr class=\"spec-header\">\n<td class=\"hidden-xs title\">W606UQF<\/td>\n<td class=\"hidden-xs\">Shimano<\/td>\n<td>Ultegra \/ FSA SL-K<\/td>\n<td>Mavic Ksyrium Equipe<\/td>\n<td nowrap=\"nowrap\"><\/td>\n<td class=\"hidden-sm hidden-xs\"><\/td>\n<\/tr>\n<tr class=\"spec-header\">\n<td class=\"hidden-xs title\">W606URF<\/td>\n<td class=\"hidden-xs\">Shimano<\/td>\n<td>Ultegra \/ FSA SL-K<\/td>\n<td>Shimano RS010<\/td>\n<td nowrap=\"nowrap\"><\/td>\n<td class=\"hidden-sm hidden-xs\"><\/td>\n<\/tr>\n<tr class=\"spec-header\">\n<td class=\"hidden-xs title\">W606FQF<\/td>\n<td class=\"hidden-xs\">Sram<\/td>\n<td>Force 22 \/ FSA SL-K<\/td>\n<td>Mavic Ksyrium Equipe<\/td>\n<\/tr>\n<\/tbody>\n<\/table>\n<\/div>\n<div class=\"gray\">\n<div class=\"inset int\">\n<div class=\"left col-xs-12 col-sm-8 col-md-10\">\n<h2><span class=\"Section\">Geometr\u00eda del cuadro<\/span><\/h2>\n<\/div>\n<p><br class=\"clear\" \/><\/p>\n<div class=\"geometry-scheme col-xs-12    col-sm-12 col-md-8\"><img decoding=\"async\" src=\"http:\/\/cdn.wilier.com\/sites\/default\/files\/styles\/frame_size_schema\/public\/geometrietelaio_road_14.jpg?itok=m2LFzGRQ\" alt=\"\" \/><\/div>\n<div class=\"size hidden-sm hidden-xs col-md-4\">\n<div class=\"FindSize\"><a class=\"coverlink fancybox\" href=\"http:\/\/cdn.wilier.com\/sites\/default\/files\/taglie_bdc_0.jpg\">\u00a0<\/a><img decoding=\"async\" src=\"http:\/\/cdn.wilier.com\/sites\/all\/themes\/wilier_theme\/images\/findsize_shape.png\" alt=\"\" \/><\/div>\n<\/div>\n<\/div>\n<\/div>\n<div class=\"geometry-data\">\n<table class=\"data-table\" cellspacing=\"0\" cellpadding=\"0\">\n<tbody>\n<tr class=\"thead-noborder\">\n<td class=\"sx\">SIZE<\/td>\n<td><\/td>\n<td>C\/C<\/td>\n<td>L<\/td>\n<td>H<\/td>\n<td>A<\/td>\n<td>H1<\/td>\n<td>L1<\/td>\n<td>A1<\/td>\n<td>REACH<\/td>\n<td>STACK<\/td>\n<\/tr>\n<tr class=\"thead\">\n<td class=\"sx\"><\/td>\n<td><\/td>\n<td>[cm]<\/td>\n<td>[cm]<\/td>\n<td>[cm]<\/td>\n<td>[\u00b0]<\/td>\n<td>[cm]<\/td>\n<td>[cm]<\/td>\n<td>[\u00b0]<\/td>\n<td>[mm]<\/td>\n<td>[mm]<\/td>\n<\/tr>\n<tr>\n<td class=\"sx\">XS<\/td>\n<td><\/td>\n<td>39,5<\/td>\n<td>51,3<\/td>\n<td>45,0<\/td>\n<td>75,0<\/td>\n<td>11,5<\/td>\n<td>40,6<\/td>\n<td>71,0<\/td>\n<td>373<\/td>\n<td>515<\/td>\n<\/tr>\n<tr>\n<td class=\"sx\">S<\/td>\n<td><\/td>\n<td>42,5<\/td>\n<td>52,7<\/td>\n<td>48,0<\/td>\n<td>74,5<\/td>\n<td>13,0<\/td>\n<td>40,6<\/td>\n<td>71,5<\/td>\n<td>378<\/td>\n<td>531<\/td>\n<\/tr>\n<tr>\n<td class=\"sx\">M<\/td>\n<td><\/td>\n<td>44,5<\/td>\n<td>54,0<\/td>\n<td>50,0<\/td>\n<td>74,0<\/td>\n<td>14,8<\/td>\n<td>40,8<\/td>\n<td>72,0<\/td>\n<td>383<\/td>\n<td>548<\/td>\n<\/tr>\n<tr>\n<td class=\"sx\">L<\/td>\n<td><\/td>\n<td>46,5<\/td>\n<td>55,7<\/td>\n<td>52,0<\/td>\n<td>73,5<\/td>\n<td>16,6<\/td>\n<td>40,8<\/td>\n<td>72,5<\/td>\n<td>388<\/td>\n<td>566<\/td>\n<\/tr>\n<tr>\n<td class=\"sx\">XL<\/td>\n<td><\/td>\n<td>49,5<\/td>\n<td>57,2<\/td>\n<td>55,0<\/td>\n<td>73,0<\/td>\n<td>18,4<\/td>\n<td>41,0<\/td>\n<td>72,0<\/td>\n<td>394<\/td>\n<td>583<\/td>\n<\/tr>\n<tr>\n<td class=\"sx\">XXL<\/td>\n<td><\/td>\n<td>52,5<\/td>\n<td>58,9<\/td>\n<td>58,0<\/td>\n<td>72,5<\/td>\n<td>20,3<\/td>\n<td>41,1<\/td>\n<td>72,5<\/td>\n<td>399<\/td>\n<td>602<\/td>\n<\/tr>\n<\/tbody>\n<\/table>\n<\/div>\n<p>&nbsp;<\/p>\n<p><strong>DISE\u00d1O Y TECNOLOG\u00cdA\u00a0<\/strong><\/p>\n<h3>asymmetric rear arms<\/h3>\n<p>El tri\u00e1ngulo se vuelve asim\u00e9trica. El brazo derecho se baja para facilitar el paso de la cadena y para contrarrestar la fuerza de compresi\u00f3n transmitida desde la rueda a la derecha del tri\u00e1ngulo<\/p>\n<div class=\"image-wrapper\"><img decoding=\"async\" src=\"http:\/\/cdn.wilier.com\/sites\/default\/files\/styles\/design_three_columns\/public\/banner1.jpg?itok=LWse0sKu\" alt=\"\" \/><\/div>\n<div class=\"txt\">\n<h4>CAJA DEL EJE DE PEDALIER<\/h4>\n<div class=\"text\">\n<p>A fin de tratar de conseguir la rigidez de torsi\u00f3n t\u00edpica del modelo BB386 disponible en los cuadros de alta gama, hemos escuadrado los tubos que se unen en la caja del eje de pedalier, dotando a los \u00e1ngulos de aristas marcadas. La caja del eje de pedalier de los modelos GTR SL y GTR TEAM integra el sistema PressFit est\u00e1ndar de 41 x 86,5 mm.<\/p>\n<\/div>\n<\/div>\n<div class=\"image-wrapper\"><img decoding=\"async\" src=\"http:\/\/cdn.wilier.com\/sites\/default\/files\/styles\/design_three_columns\/public\/banner2.jpg?itok=ekDS_4mu\" alt=\"\" \/><\/div>\n<div class=\"txt\">\n<h4>TIJA DE SILL\u00cdN<\/h4>\n<div class=\"text\">\n<p>A fin de garantizar la m\u00e1xima comodidad, el di\u00e1metro de la tija de sill\u00edn se ha reducido a 27,2 mm con respecto a los 31,6 mm de los modelos anteriores.<\/p>\n<\/div>\n<\/div>\n<div class=\"image-wrapper\"><img decoding=\"async\" src=\"http:\/\/cdn.wilier.com\/sites\/default\/files\/styles\/design_three_columns\/public\/banner3.jpg?itok=sXeaRH4v\" alt=\"\" \/><\/div>\n<div class=\"txt\">\n<h4>HORQUILLA INTEGRADA<\/h4>\n<div class=\"text\">\n<p>En estos modelos GTR tambi\u00e9n hemos mantenido los conceptos de rigidez y aerodin\u00e1mica que ya hab\u00edamos desarrollado para los modelos Zero.7, Cento1SR y Cento1AIR. La horquilla integrada aumenta la rigidez de la torsi\u00f3n gracias al nuevo posicionamiento de los tubos oblicuo y horizontal con respecto al tubo de direcci\u00f3n. El tubo oblicuo, en su nuevo posicionamiento rebajado, se integra a la perfecci\u00f3n en la cabeza de la horquilla generando un perfil aerodin\u00e1mico ulterior, capaz de reducir a\u00fan m\u00e1s la resistencia al aire. El orificio de entrada del casquillo de freno permanece, de este modo, oculto por el tubo oblicuo, manteni\u00e9ndose limpio y bien protegido.<\/p>\n<\/div>\n<\/div>\n<div class=\"image-wrapper\"><img decoding=\"async\" src=\"http:\/\/cdn.wilier.com\/sites\/default\/files\/styles\/design_two_columns\/public\/banner4.jpg?itok=ZtUzeVEc\" alt=\"\" \/><\/div>\n<div class=\"txt\">\n<h4>CABLES INTEGRADOS y TECNOLOG\u00cdA 2 EN 1<\/h4>\n<div class=\"text\">\n<p>Los dise\u00f1adores de Wilier Triestina son totalmente conscientes de que los detalles marcan la diferencia. Las peque\u00f1as ideas pueden marcar grandes diferencias. Es por eso por lo que no se ha escatimado el m\u00e1s m\u00ednimo detalle en el nuevo sistema de cableado. La plaqueta que introduce el cable del freno trasero en el tubo horizontal se ha redise\u00f1ado para permitir el paso del cable el\u00e9ctrico de mando, si se trata de un montaje con transmisi\u00f3n electr\u00f3nica. Esta plaqueta 2 en 1 se integra perfectamente en el cuadro; pr\u00e1cticamente no se nota y su peso es casi insignificante. Lo mismo pasa con los cables de mando (desviador y cambio trasero en la versi\u00f3n mec\u00e1nica) que entran a trav\u00e9s de dos microplacas instaladas en el tubo oblicuo. Estas placas, gracias a su particular dise\u00f1o interior, orientan perfectamente los cables hacia el interior del tubo oblicuo reduciendo al m\u00ednimo la fricci\u00f3n en el desplazamiento, manteniendo los cables tensos y totalmente rectos hasta el punto en que estos se introducen en la placa adecuada situada debajo de la caja del eje de pedalier. La placa pasacables colocada debajo de la caja del eje de pedalier es la misma que se usa en el modelo Cento1SR, que, gracias a que se encuentra encajada en el cuadro, crea una superficie continua desde el punto de vista aerodin\u00e1mico, mejorando as\u00ed la penetraci\u00f3n del aire respecto a los modelos que incorporan la placa tradicional.<\/p>\n<\/div>\n<\/div>\n<div class=\"image-wrapper\"><img decoding=\"async\" src=\"http:\/\/cdn.wilier.com\/sites\/default\/files\/styles\/design_two_columns\/public\/banner5.jpg?itok=HTbYLEAX\" alt=\"\" \/><\/div>\n<div class=\"txt\">\n<h4>TIRANTES TRASEROS<\/h4>\n<div class=\"text\">\n<p>Los tirantes traseros se han dise\u00f1ado para aportar comodidad y rigidez al mismo tiempo, a fin de garantizar una conducci\u00f3n de m\u00e1xima calidad. Si se observa el cuadro desde el lateral, se puede ver que los tirantes presentan secciones diferentes. Una secci\u00f3n mayor pr\u00f3xima al tubo de la tija de sill\u00edn para garantizar rigidez y eficiencia y, si nos alejamos de este tubo, una secci\u00f3n reducida para permitir la m\u00e1xima absorci\u00f3n de los esfuerzos verticales<\/p>\n<\/div>\n<\/div>\n<div class=\"feat-row b-1 col-sm-4 three-columns normal\">\n<div class=\"image-wrapper\"><img decoding=\"async\" src=\"http:\/\/cdn.wilier.com\/sites\/default\/files\/styles\/design_three_columns\/public\/banner6_0.jpg?itok=lqNdNVrF\" alt=\"\" \/><\/div>\n<div class=\"txt\">\n<h4>PATILLAS INTERCAMBIABLES<\/h4>\n<div class=\"text\">\n<p>La patilla de los nuevos modelos GTR SL y GTR TEAM es la misma que la utilizada hasta ahora en la familia GTR de las temporadas anteriores. Esto se debe a que hemos querido continuar con la fabricaci\u00f3n de este tipo de recambio y a la intenci\u00f3n de gestionar un \u00fanico producto para toda la familia de cuadros GTR.<\/p>\n<\/div>\n<\/div>\n<\/div>\n<div class=\"feat-row b-2 col-sm-4 three-columns normal\">\n<div class=\"image-wrapper\"><img decoding=\"async\" src=\"http:\/\/cdn.wilier.com\/sites\/default\/files\/styles\/design_three_columns\/public\/banner7_0.jpg?itok=b73tSv-J\" alt=\"\" \/><\/div>\n<div class=\"txt\">\n<h4>TRI\u00c1NGULO ASIM\u00c9TRICO<\/h4>\n<div class=\"text\">\n<p>Gracias al generoso pedalier, hemos podido dise\u00f1ar unos tirantes traseros con una secci\u00f3n importante y asim\u00e9tricas, siguiendo la larga tradici\u00f3n de Wilier Triestina. Como concepto insignia de Cento1, los tirantes traseros horizontales asim\u00e9tricos mejoran el rendimiento del pedaleo contrarrestando la fuerza generada por la cadena.<\/p>\n<\/div>\n<\/div>\n<\/div>\n<div class=\"feat-row b-3 col-sm-4 three-columns normal\">\n<div class=\"image-wrapper\"><img decoding=\"async\" src=\"http:\/\/cdn.wilier.com\/sites\/default\/files\/styles\/design_three_columns\/public\/banner8_1.jpg?itok=fjvUJg57\" alt=\"\" \/><\/div>\n<div class=\"txt\">\n<h4>LISTAS PARA LA GRAVA<\/h4>\n<div class=\"text\">\n<p>El tri\u00e1ngulo trasero, adem\u00e1s de presentar un dise\u00f1o asim\u00e9trico, est\u00e1 dise\u00f1ado para poder colocar cubiertas de 28 mm, en consonancia con las \u00faltimas tendencias de mercado que consideran que la bicicleta de carretera apta para la grava es una tipolog\u00eda de bicicleta en gran auge. Por tanto, los modelos GTR SL y GTR TEAM podr\u00e1n convertirse en el compa\u00f1ero ideal para circular por carreteras sin asfaltar.<\/p>\n<\/div>\n<\/div>\n<\/div>\n<p>&nbsp;<\/p>\n<p>Ya la tienes disponible en Burrita Bike<\/p>\n<p>&nbsp;<\/p>\n","protected":false},"excerpt":{"rendered":"<p>GTR SL Tecnolog\u00eda italiana que lidera la evoluci\u00f3n Sean o no ciclistas profesionales, los usuarios de los modelos GTR SL o GTR TEAM podr\u00e1n disfrutar de una bicicleta que se adapta perfectamente a varios usos. Se trata de una l\u00ednea ligera, de alto rendimiento y reactiva apta para ciclistas profesionales, pero tambi\u00e9n ofrece comodidad, versatilidad [&hellip;]<\/p>\n","protected":false},"author":1,"featured_media":6152,"comment_status":"closed","ping_status":"open","sticky":false,"template":"","format":"standard","meta":{"_mi_skip_tracking":false,"_themeisle_gutenberg_block_has_review":false,"jetpack_publicize_message":"","jetpack_is_tweetstorm":false,"jetpack_publicize_feature_enabled":true,"jetpack_social_post_already_shared":false,"jetpack_social_options":[]},"categories":[43,41,42,3,40],"tags":[157,139,140,132,123,122,126,127,155,156,134,128,124,129],"jetpack_publicize_connections":[],"yoast_head":"<!-- This site is optimized with the Yoast SEO plugin v19.14 - https:\/\/yoast.com\/wordpress\/plugins\/seo\/ -->\n<title>GTR SL Y GTR TEAM: Tecnolog\u00eda italiana que lidera la evoluci\u00f3n Ya disponible en tienda los modelos 2016 de Wilier Triestina - Burrita Bike Store<\/title>\n<meta name=\"robots\" content=\"index, follow, max-snippet:-1, max-image-preview:large, max-video-preview:-1\" \/>\n<link rel=\"canonical\" href=\"https:\/\/www.burritabike.com\/?p=6153\" \/>\n<meta property=\"og:locale\" content=\"es_ES\" \/>\n<meta property=\"og:type\" content=\"article\" \/>\n<meta property=\"og:title\" content=\"GTR SL Y GTR TEAM: Tecnolog\u00eda italiana que lidera la evoluci\u00f3n Ya disponible en tienda los modelos 2016 de Wilier Triestina - Burrita Bike Store\" \/>\n<meta property=\"og:description\" content=\"GTR SL Tecnolog\u00eda italiana que lidera la evoluci\u00f3n Sean o no ciclistas profesionales, los usuarios de los modelos GTR SL o GTR TEAM podr\u00e1n disfrutar de una bicicleta que se adapta perfectamente a varios usos. Se trata de una l\u00ednea ligera, de alto rendimiento y reactiva apta para ciclistas profesionales, pero tambi\u00e9n ofrece comodidad, versatilidad [&hellip;]\" \/>\n<meta property=\"og:url\" content=\"https:\/\/www.burritabike.com\/?p=6153\" \/>\n<meta property=\"og:site_name\" content=\"Burrita Bike Store\" \/>\n<meta property=\"article:publisher\" content=\"https:\/\/www.facebook.com\/Burrita-Bike-175649685843399\/\" \/>\n<meta property=\"article:published_time\" content=\"2015-06-30T15:52:15+00:00\" \/>\n<meta property=\"og:image\" content=\"https:\/\/i0.wp.com\/www.burritabike.com\/wp-content\/uploads\/2015\/06\/SLIDER-GTR.jpg?fit=960%2C350&ssl=1\" \/>\n\t<meta property=\"og:image:width\" content=\"960\" \/>\n\t<meta property=\"og:image:height\" content=\"350\" \/>\n\t<meta property=\"og:image:type\" content=\"image\/jpeg\" \/>\n<meta name=\"author\" content=\"admin\" \/>\n<meta name=\"twitter:card\" content=\"summary_large_image\" \/>\n<meta name=\"twitter:creator\" content=\"@burritabike\" \/>\n<meta name=\"twitter:site\" content=\"@burritabike\" \/>\n<meta name=\"twitter:label1\" content=\"Escrito por\" \/>\n\t<meta name=\"twitter:data1\" content=\"admin\" \/>\n\t<meta name=\"twitter:label2\" content=\"Tiempo de lectura\" \/>\n\t<meta name=\"twitter:data2\" content=\"5 minutos\" \/>\n<script type=\"application\/ld+json\" class=\"yoast-schema-graph\">{\"@context\":\"https:\/\/schema.org\",\"@graph\":[{\"@type\":\"Article\",\"@id\":\"https:\/\/www.burritabike.com\/?p=6153#article\",\"isPartOf\":{\"@id\":\"https:\/\/www.burritabike.com\/?p=6153\"},\"author\":{\"name\":\"admin\",\"@id\":\"https:\/\/www.burritabike.com\/#\/schema\/person\/3563c6efb697f1307a7946094928c14e\"},\"headline\":\"GTR SL Y GTR TEAM: Tecnolog\u00eda italiana que lidera la evoluci\u00f3n Ya disponible en tienda los modelos 2016 de Wilier Triestina\",\"datePublished\":\"2015-06-30T15:52:15+00:00\",\"dateModified\":\"2015-06-30T15:52:15+00:00\",\"mainEntityOfPage\":{\"@id\":\"https:\/\/www.burritabike.com\/?p=6153\"},\"wordCount\":1085,\"publisher\":{\"@id\":\"https:\/\/www.burritabike.com\/#organization\"},\"keywords\":[\"2016\",\"Bike\",\"BTT\",\"Burrita Bike\",\"Ciclismo\",\"Competici\u00f3n\",\"Equipo\",\"Moda\",\"novedad\",\"producto\",\"Sevilla\",\"Tecnolog\u00eda\",\"Tendencia\",\"Wilier\"],\"articleSection\":[\"Bicicletas\",\"BurritaBike\",\"Componentes\",\"Productos\",\"Wilier\"],\"inLanguage\":\"es\"},{\"@type\":\"WebPage\",\"@id\":\"https:\/\/www.burritabike.com\/?p=6153\",\"url\":\"https:\/\/www.burritabike.com\/?p=6153\",\"name\":\"GTR SL Y GTR TEAM: Tecnolog\u00eda italiana que lidera la evoluci\u00f3n Ya disponible en tienda los modelos 2016 de Wilier Triestina - Burrita Bike Store\",\"isPartOf\":{\"@id\":\"https:\/\/www.burritabike.com\/#website\"},\"datePublished\":\"2015-06-30T15:52:15+00:00\",\"dateModified\":\"2015-06-30T15:52:15+00:00\",\"breadcrumb\":{\"@id\":\"https:\/\/www.burritabike.com\/?p=6153#breadcrumb\"},\"inLanguage\":\"es\",\"potentialAction\":[{\"@type\":\"ReadAction\",\"target\":[\"https:\/\/www.burritabike.com\/?p=6153\"]}]},{\"@type\":\"BreadcrumbList\",\"@id\":\"https:\/\/www.burritabike.com\/?p=6153#breadcrumb\",\"itemListElement\":[{\"@type\":\"ListItem\",\"position\":1,\"name\":\"Portada\",\"item\":\"https:\/\/www.burritabike.com\/\"},{\"@type\":\"ListItem\",\"position\":2,\"name\":\"GTR SL Y GTR TEAM: Tecnolog\u00eda italiana que lidera la evoluci\u00f3n Ya disponible en tienda los modelos 2016 de Wilier Triestina\"}]},{\"@type\":\"WebSite\",\"@id\":\"https:\/\/www.burritabike.com\/#website\",\"url\":\"https:\/\/www.burritabike.com\/\",\"name\":\"Burrita Bike Store\",\"description\":\"Pasi\u00f3n por el Ciclismo\",\"publisher\":{\"@id\":\"https:\/\/www.burritabike.com\/#organization\"},\"potentialAction\":[{\"@type\":\"SearchAction\",\"target\":{\"@type\":\"EntryPoint\",\"urlTemplate\":\"https:\/\/www.burritabike.com\/?s={search_term_string}\"},\"query-input\":\"required name=search_term_string\"}],\"inLanguage\":\"es\"},{\"@type\":\"Organization\",\"@id\":\"https:\/\/www.burritabike.com\/#organization\",\"name\":\"BURRITA BIKE STORE\",\"url\":\"https:\/\/www.burritabike.com\/\",\"logo\":{\"@type\":\"ImageObject\",\"inLanguage\":\"es\",\"@id\":\"https:\/\/www.burritabike.com\/#\/schema\/logo\/image\/\",\"url\":\"https:\/\/www.burritabike.com\/wp-content\/uploads\/2019\/03\/logo-burrita-completo-con-copyrigth.jpg\",\"contentUrl\":\"https:\/\/www.burritabike.com\/wp-content\/uploads\/2019\/03\/logo-burrita-completo-con-copyrigth.jpg\",\"width\":908,\"height\":845,\"caption\":\"BURRITA BIKE STORE\"},\"image\":{\"@id\":\"https:\/\/www.burritabike.com\/#\/schema\/logo\/image\/\"},\"sameAs\":[\"https:\/\/www.instagram.com\/burritabike\/\",\"https:\/\/www.facebook.com\/Burrita-Bike-175649685843399\/\",\"https:\/\/twitter.com\/burritabike\"]},{\"@type\":\"Person\",\"@id\":\"https:\/\/www.burritabike.com\/#\/schema\/person\/3563c6efb697f1307a7946094928c14e\",\"name\":\"admin\",\"image\":{\"@type\":\"ImageObject\",\"inLanguage\":\"es\",\"@id\":\"https:\/\/www.burritabike.com\/#\/schema\/person\/image\/\",\"url\":\"https:\/\/secure.gravatar.com\/avatar\/8c117fef64d37182dd3844dbf7fa1538?s=96&d=mm&r=g\",\"contentUrl\":\"https:\/\/secure.gravatar.com\/avatar\/8c117fef64d37182dd3844dbf7fa1538?s=96&d=mm&r=g\",\"caption\":\"admin\"}}]}<\/script>\n<!-- \/ Yoast SEO plugin. -->","yoast_head_json":{"title":"GTR SL Y GTR TEAM: Tecnolog\u00eda italiana que lidera la evoluci\u00f3n Ya disponible en tienda los modelos 2016 de Wilier Triestina - Burrita Bike Store","robots":{"index":"index","follow":"follow","max-snippet":"max-snippet:-1","max-image-preview":"max-image-preview:large","max-video-preview":"max-video-preview:-1"},"canonical":"https:\/\/www.burritabike.com\/?p=6153","og_locale":"es_ES","og_type":"article","og_title":"GTR SL Y GTR TEAM: Tecnolog\u00eda italiana que lidera la evoluci\u00f3n Ya disponible en tienda los modelos 2016 de Wilier Triestina - Burrita Bike Store","og_description":"GTR SL Tecnolog\u00eda italiana que lidera la evoluci\u00f3n Sean o no ciclistas profesionales, los usuarios de los modelos GTR SL o GTR TEAM podr\u00e1n disfrutar de una bicicleta que se adapta perfectamente a varios usos. Se trata de una l\u00ednea ligera, de alto rendimiento y reactiva apta para ciclistas profesionales, pero tambi\u00e9n ofrece comodidad, versatilidad [&hellip;]","og_url":"https:\/\/www.burritabike.com\/?p=6153","og_site_name":"Burrita Bike Store","article_publisher":"https:\/\/www.facebook.com\/Burrita-Bike-175649685843399\/","article_published_time":"2015-06-30T15:52:15+00:00","og_image":[{"width":960,"height":350,"url":"https:\/\/i0.wp.com\/www.burritabike.com\/wp-content\/uploads\/2015\/06\/SLIDER-GTR.jpg?fit=960%2C350&ssl=1","type":"image\/jpeg"}],"author":"admin","twitter_card":"summary_large_image","twitter_creator":"@burritabike","twitter_site":"@burritabike","twitter_misc":{"Escrito por":"admin","Tiempo de lectura":"5 minutos"},"schema":{"@context":"https:\/\/schema.org","@graph":[{"@type":"Article","@id":"https:\/\/www.burritabike.com\/?p=6153#article","isPartOf":{"@id":"https:\/\/www.burritabike.com\/?p=6153"},"author":{"name":"admin","@id":"https:\/\/www.burritabike.com\/#\/schema\/person\/3563c6efb697f1307a7946094928c14e"},"headline":"GTR SL Y GTR TEAM: Tecnolog\u00eda italiana que lidera la evoluci\u00f3n Ya disponible en tienda los modelos 2016 de Wilier Triestina","datePublished":"2015-06-30T15:52:15+00:00","dateModified":"2015-06-30T15:52:15+00:00","mainEntityOfPage":{"@id":"https:\/\/www.burritabike.com\/?p=6153"},"wordCount":1085,"publisher":{"@id":"https:\/\/www.burritabike.com\/#organization"},"keywords":["2016","Bike","BTT","Burrita Bike","Ciclismo","Competici\u00f3n","Equipo","Moda","novedad","producto","Sevilla","Tecnolog\u00eda","Tendencia","Wilier"],"articleSection":["Bicicletas","BurritaBike","Componentes","Productos","Wilier"],"inLanguage":"es"},{"@type":"WebPage","@id":"https:\/\/www.burritabike.com\/?p=6153","url":"https:\/\/www.burritabike.com\/?p=6153","name":"GTR SL Y GTR TEAM: Tecnolog\u00eda italiana que lidera la evoluci\u00f3n Ya disponible en tienda los modelos 2016 de Wilier Triestina - Burrita Bike Store","isPartOf":{"@id":"https:\/\/www.burritabike.com\/#website"},"datePublished":"2015-06-30T15:52:15+00:00","dateModified":"2015-06-30T15:52:15+00:00","breadcrumb":{"@id":"https:\/\/www.burritabike.com\/?p=6153#breadcrumb"},"inLanguage":"es","potentialAction":[{"@type":"ReadAction","target":["https:\/\/www.burritabike.com\/?p=6153"]}]},{"@type":"BreadcrumbList","@id":"https:\/\/www.burritabike.com\/?p=6153#breadcrumb","itemListElement":[{"@type":"ListItem","position":1,"name":"Portada","item":"https:\/\/www.burritabike.com\/"},{"@type":"ListItem","position":2,"name":"GTR SL Y GTR TEAM: Tecnolog\u00eda italiana que lidera la evoluci\u00f3n Ya disponible en tienda los modelos 2016 de Wilier Triestina"}]},{"@type":"WebSite","@id":"https:\/\/www.burritabike.com\/#website","url":"https:\/\/www.burritabike.com\/","name":"Burrita Bike Store","description":"Pasi\u00f3n por el Ciclismo","publisher":{"@id":"https:\/\/www.burritabike.com\/#organization"},"potentialAction":[{"@type":"SearchAction","target":{"@type":"EntryPoint","urlTemplate":"https:\/\/www.burritabike.com\/?s={search_term_string}"},"query-input":"required name=search_term_string"}],"inLanguage":"es"},{"@type":"Organization","@id":"https:\/\/www.burritabike.com\/#organization","name":"BURRITA BIKE STORE","url":"https:\/\/www.burritabike.com\/","logo":{"@type":"ImageObject","inLanguage":"es","@id":"https:\/\/www.burritabike.com\/#\/schema\/logo\/image\/","url":"https:\/\/www.burritabike.com\/wp-content\/uploads\/2019\/03\/logo-burrita-completo-con-copyrigth.jpg","contentUrl":"https:\/\/www.burritabike.com\/wp-content\/uploads\/2019\/03\/logo-burrita-completo-con-copyrigth.jpg","width":908,"height":845,"caption":"BURRITA BIKE STORE"},"image":{"@id":"https:\/\/www.burritabike.com\/#\/schema\/logo\/image\/"},"sameAs":["https:\/\/www.instagram.com\/burritabike\/","https:\/\/www.facebook.com\/Burrita-Bike-175649685843399\/","https:\/\/twitter.com\/burritabike"]},{"@type":"Person","@id":"https:\/\/www.burritabike.com\/#\/schema\/person\/3563c6efb697f1307a7946094928c14e","name":"admin","image":{"@type":"ImageObject","inLanguage":"es","@id":"https:\/\/www.burritabike.com\/#\/schema\/person\/image\/","url":"https:\/\/secure.gravatar.com\/avatar\/8c117fef64d37182dd3844dbf7fa1538?s=96&d=mm&r=g","contentUrl":"https:\/\/secure.gravatar.com\/avatar\/8c117fef64d37182dd3844dbf7fa1538?s=96&d=mm&r=g","caption":"admin"}}]}},"_links":{"self":[{"href":"https:\/\/www.burritabike.com\/index.php?rest_route=\/wp\/v2\/posts\/6153"}],"collection":[{"href":"https:\/\/www.burritabike.com\/index.php?rest_route=\/wp\/v2\/posts"}],"about":[{"href":"https:\/\/www.burritabike.com\/index.php?rest_route=\/wp\/v2\/types\/post"}],"author":[{"embeddable":true,"href":"https:\/\/www.burritabike.com\/index.php?rest_route=\/wp\/v2\/users\/1"}],"replies":[{"embeddable":true,"href":"https:\/\/www.burritabike.com\/index.php?rest_route=%2Fwp%2Fv2%2Fcomments&post=6153"}],"version-history":[{"count":1,"href":"https:\/\/www.burritabike.com\/index.php?rest_route=\/wp\/v2\/posts\/6153\/revisions"}],"predecessor-version":[{"id":6156,"href":"https:\/\/www.burritabike.com\/index.php?rest_route=\/wp\/v2\/posts\/6153\/revisions\/6156"}],"wp:featuredmedia":[{"embeddable":true,"href":"https:\/\/www.burritabike.com\/index.php?rest_route=\/wp\/v2\/media\/6152"}],"wp:attachment":[{"href":"https:\/\/www.burritabike.com\/index.php?rest_route=%2Fwp%2Fv2%2Fmedia&parent=6153"}],"wp:term":[{"taxonomy":"category","embeddable":true,"href":"https:\/\/www.burritabike.com\/index.php?rest_route=%2Fwp%2Fv2%2Fcategories&post=6153"},{"taxonomy":"post_tag","embeddable":true,"href":"https:\/\/www.burritabike.com\/index.php?rest_route=%2Fwp%2Fv2%2Ftags&post=6153"}],"curies":[{"name":"wp","href":"https:\/\/api.w.org\/{rel}","templated":true}]}}