{"id":6079,"date":"2015-06-09T16:14:56","date_gmt":"2015-06-09T16:14:56","guid":{"rendered":"http:\/\/www.burritabike.com\/?p=6079"},"modified":"2015-06-09T16:14:56","modified_gmt":"2015-06-09T16:14:56","slug":"cuenta-atras-para-la-xviii-carrera-popular-nocturna-de-alcala-de-guadaira","status":"publish","type":"post","link":"https:\/\/www.burritabike.com\/?p=6079","title":{"rendered":"Cuenta atr\u00e1s para la XVIII Carrera Popular Nocturna de Alcal\u00e1 de Guadaira"},"content":{"rendered":"<p>El pr\u00f3ximo Viernes 12 de Junio a las 22:00 h dar\u00e1\u00a0comienzo un a\u00f1o m\u00e1s en nuestra ciudad la XVIII Carrera Popular Nocturna. En esta ocasi\u00f3n, las personas participantes, podremos disfrutar de un nuevo recorrido en el que tanto la\u00a0salida\u00a0como la \u00a0meta\u00a0 se han fijado en\u00a0el Estadio Municipal Ciudad de Alcal\u00e1.<\/p>\n<p>Durante 8000 metros, socios del Burrita Bike C.D, pondr\u00e1n sus bicicletas\u00a0a disposici\u00f3n de las personas que est\u00e9n participando, para brindarles asistencia en caso de que lo necesiten.<\/p>\n<p><a href=\"http:\/\/www.burritabike.com\/wp-content\/uploads\/2015\/06\/cartel-nocturna-2015.jpg\"><img decoding=\"async\" loading=\"lazy\" class=\"aligncenter size-medium wp-image-6081\" src=\"http:\/\/www.burritabike.com\/wp-content\/uploads\/2015\/06\/cartel-nocturna-2015-212x300.jpg\" alt=\"cartel%20nocturna%202015\" width=\"212\" height=\"300\" srcset=\"https:\/\/www.burritabike.com\/wp-content\/uploads\/2015\/06\/cartel-nocturna-2015-212x300.jpg 212w, https:\/\/www.burritabike.com\/wp-content\/uploads\/2015\/06\/cartel-nocturna-2015-724x1024.jpg 724w, https:\/\/www.burritabike.com\/wp-content\/uploads\/2015\/06\/cartel-nocturna-2015.jpg 1240w\" sizes=\"(max-width: 212px) 100vw, 212px\" \/><\/a><\/p>\n<p>&nbsp;<\/p>\n<p>Ser\u00e1 una oportunidad para practicar deporte al aire libre, un acontecimiento veterano que cumple ya 18 a\u00f1os. \u00a1Te esperamos!<\/p>\n<p>&nbsp;<\/p>\n","protected":false},"excerpt":{"rendered":"<p>El pr\u00f3ximo Viernes 12 de Junio a las 22:00 h dar\u00e1\u00a0comienzo un a\u00f1o m\u00e1s en nuestra ciudad la XVIII Carrera Popular Nocturna. En esta ocasi\u00f3n, las personas participantes, podremos disfrutar de un nuevo recorrido en el que tanto la\u00a0salida\u00a0como la \u00a0meta\u00a0 se han fijado en\u00a0el Estadio Municipal Ciudad de Alcal\u00e1. Durante 8000 metros, socios del [&hellip;]<\/p>\n","protected":false},"author":1,"featured_media":6081,"comment_status":"closed","ping_status":"open","sticky":false,"template":"","format":"standard","meta":{"_mi_skip_tracking":false,"_themeisle_gutenberg_block_has_review":false,"jetpack_publicize_message":"","jetpack_is_tweetstorm":false,"jetpack_publicize_feature_enabled":true,"jetpack_social_post_already_shared":false,"jetpack_social_options":[]},"categories":[43,41,6,4,37,5,40],"tags":[131,136,121,139,132,120,122,161,126,160,134,125],"jetpack_publicize_connections":[],"yoast_head":"<!-- This site is optimized with the Yoast SEO plugin v19.14 - https:\/\/yoast.com\/wordpress\/plugins\/seo\/ -->\n<title>Cuenta atr\u00e1s para la XVIII Carrera Popular Nocturna de Alcal\u00e1 de Guadaira - Burrita Bike Store<\/title>\n<meta name=\"robots\" content=\"index, follow, max-snippet:-1, max-image-preview:large, max-video-preview:-1\" \/>\n<link rel=\"canonical\" href=\"https:\/\/www.burritabike.com\/?p=6079\" \/>\n<meta property=\"og:locale\" content=\"es_ES\" \/>\n<meta property=\"og:type\" content=\"article\" \/>\n<meta property=\"og:title\" content=\"Cuenta atr\u00e1s para la XVIII Carrera Popular Nocturna de Alcal\u00e1 de Guadaira - Burrita Bike Store\" \/>\n<meta property=\"og:description\" content=\"El pr\u00f3ximo Viernes 12 de Junio a las 22:00 h dar\u00e1\u00a0comienzo un a\u00f1o m\u00e1s en nuestra ciudad la XVIII Carrera Popular Nocturna. En esta ocasi\u00f3n, las personas participantes, podremos disfrutar de un nuevo recorrido en el que tanto la\u00a0salida\u00a0como la \u00a0meta\u00a0 se han fijado en\u00a0el Estadio Municipal Ciudad de Alcal\u00e1. Durante 8000 metros, socios del [&hellip;]\" \/>\n<meta property=\"og:url\" content=\"https:\/\/www.burritabike.com\/?p=6079\" \/>\n<meta property=\"og:site_name\" content=\"Burrita Bike Store\" \/>\n<meta property=\"article:publisher\" content=\"https:\/\/www.facebook.com\/Burrita-Bike-175649685843399\/\" \/>\n<meta property=\"article:published_time\" content=\"2015-06-09T16:14:56+00:00\" \/>\n<meta property=\"og:image\" content=\"https:\/\/i0.wp.com\/www.burritabike.com\/wp-content\/uploads\/2015\/06\/cartel-nocturna-2015.jpg?fit=1240%2C1754&ssl=1\" \/>\n\t<meta property=\"og:image:width\" content=\"1240\" \/>\n\t<meta property=\"og:image:height\" content=\"1754\" \/>\n\t<meta property=\"og:image:type\" content=\"image\/jpeg\" \/>\n<meta name=\"author\" content=\"admin\" \/>\n<meta name=\"twitter:card\" content=\"summary_large_image\" \/>\n<meta name=\"twitter:creator\" content=\"@burritabike\" \/>\n<meta name=\"twitter:site\" content=\"@burritabike\" \/>\n<meta name=\"twitter:label1\" content=\"Escrito por\" \/>\n\t<meta name=\"twitter:data1\" content=\"admin\" \/>\n\t<meta name=\"twitter:label2\" content=\"Tiempo de lectura\" \/>\n\t<meta name=\"twitter:data2\" content=\"1 minuto\" \/>\n<script type=\"application\/ld+json\" class=\"yoast-schema-graph\">{\"@context\":\"https:\/\/schema.org\",\"@graph\":[{\"@type\":\"Article\",\"@id\":\"https:\/\/www.burritabike.com\/?p=6079#article\",\"isPartOf\":{\"@id\":\"https:\/\/www.burritabike.com\/?p=6079\"},\"author\":{\"name\":\"admin\",\"@id\":\"https:\/\/www.burritabike.com\/#\/schema\/person\/3563c6efb697f1307a7946094928c14e\"},\"headline\":\"Cuenta atr\u00e1s para la XVIII Carrera Popular Nocturna de Alcal\u00e1 de Guadaira\",\"datePublished\":\"2015-06-09T16:14:56+00:00\",\"dateModified\":\"2015-06-09T16:14:56+00:00\",\"mainEntityOfPage\":{\"@id\":\"https:\/\/www.burritabike.com\/?p=6079\"},\"wordCount\":121,\"publisher\":{\"@id\":\"https:\/\/www.burritabike.com\/#organization\"},\"keywords\":[\"Alcal\u00e1 de Guadaira\",\"Andaluc\u00eda\",\"Bicicleta\",\"Bike\",\"Burrita Bike\",\"Carrera\",\"Competici\u00f3n\",\"corredor\",\"Equipo\",\"nocturna\",\"Sevilla\",\"Verano\"],\"articleSection\":[\"Bicicletas\",\"BurritaBike\",\"Competiciones\",\"Eventos\",\"Rutas\",\"Salidas\",\"Wilier\"],\"inLanguage\":\"es\"},{\"@type\":\"WebPage\",\"@id\":\"https:\/\/www.burritabike.com\/?p=6079\",\"url\":\"https:\/\/www.burritabike.com\/?p=6079\",\"name\":\"Cuenta atr\u00e1s para la XVIII Carrera Popular Nocturna de Alcal\u00e1 de Guadaira - Burrita Bike Store\",\"isPartOf\":{\"@id\":\"https:\/\/www.burritabike.com\/#website\"},\"datePublished\":\"2015-06-09T16:14:56+00:00\",\"dateModified\":\"2015-06-09T16:14:56+00:00\",\"breadcrumb\":{\"@id\":\"https:\/\/www.burritabike.com\/?p=6079#breadcrumb\"},\"inLanguage\":\"es\",\"potentialAction\":[{\"@type\":\"ReadAction\",\"target\":[\"https:\/\/www.burritabike.com\/?p=6079\"]}]},{\"@type\":\"BreadcrumbList\",\"@id\":\"https:\/\/www.burritabike.com\/?p=6079#breadcrumb\",\"itemListElement\":[{\"@type\":\"ListItem\",\"position\":1,\"name\":\"Portada\",\"item\":\"https:\/\/www.burritabike.com\/\"},{\"@type\":\"ListItem\",\"position\":2,\"name\":\"Cuenta atr\u00e1s para la XVIII Carrera Popular Nocturna de Alcal\u00e1 de Guadaira\"}]},{\"@type\":\"WebSite\",\"@id\":\"https:\/\/www.burritabike.com\/#website\",\"url\":\"https:\/\/www.burritabike.com\/\",\"name\":\"Burrita Bike Store\",\"description\":\"Pasi\u00f3n por el Ciclismo\",\"publisher\":{\"@id\":\"https:\/\/www.burritabike.com\/#organization\"},\"potentialAction\":[{\"@type\":\"SearchAction\",\"target\":{\"@type\":\"EntryPoint\",\"urlTemplate\":\"https:\/\/www.burritabike.com\/?s={search_term_string}\"},\"query-input\":\"required name=search_term_string\"}],\"inLanguage\":\"es\"},{\"@type\":\"Organization\",\"@id\":\"https:\/\/www.burritabike.com\/#organization\",\"name\":\"BURRITA BIKE STORE\",\"url\":\"https:\/\/www.burritabike.com\/\",\"logo\":{\"@type\":\"ImageObject\",\"inLanguage\":\"es\",\"@id\":\"https:\/\/www.burritabike.com\/#\/schema\/logo\/image\/\",\"url\":\"https:\/\/www.burritabike.com\/wp-content\/uploads\/2019\/03\/logo-burrita-completo-con-copyrigth.jpg\",\"contentUrl\":\"https:\/\/www.burritabike.com\/wp-content\/uploads\/2019\/03\/logo-burrita-completo-con-copyrigth.jpg\",\"width\":908,\"height\":845,\"caption\":\"BURRITA BIKE STORE\"},\"image\":{\"@id\":\"https:\/\/www.burritabike.com\/#\/schema\/logo\/image\/\"},\"sameAs\":[\"https:\/\/www.instagram.com\/burritabike\/\",\"https:\/\/www.facebook.com\/Burrita-Bike-175649685843399\/\",\"https:\/\/twitter.com\/burritabike\"]},{\"@type\":\"Person\",\"@id\":\"https:\/\/www.burritabike.com\/#\/schema\/person\/3563c6efb697f1307a7946094928c14e\",\"name\":\"admin\",\"image\":{\"@type\":\"ImageObject\",\"inLanguage\":\"es\",\"@id\":\"https:\/\/www.burritabike.com\/#\/schema\/person\/image\/\",\"url\":\"https:\/\/secure.gravatar.com\/avatar\/8c117fef64d37182dd3844dbf7fa1538?s=96&d=mm&r=g\",\"contentUrl\":\"https:\/\/secure.gravatar.com\/avatar\/8c117fef64d37182dd3844dbf7fa1538?s=96&d=mm&r=g\",\"caption\":\"admin\"}}]}<\/script>\n<!-- \/ Yoast SEO plugin. -->","yoast_head_json":{"title":"Cuenta atr\u00e1s para la XVIII Carrera Popular Nocturna de Alcal\u00e1 de Guadaira - Burrita Bike Store","robots":{"index":"index","follow":"follow","max-snippet":"max-snippet:-1","max-image-preview":"max-image-preview:large","max-video-preview":"max-video-preview:-1"},"canonical":"https:\/\/www.burritabike.com\/?p=6079","og_locale":"es_ES","og_type":"article","og_title":"Cuenta atr\u00e1s para la XVIII Carrera Popular Nocturna de Alcal\u00e1 de Guadaira - Burrita Bike Store","og_description":"El pr\u00f3ximo Viernes 12 de Junio a las 22:00 h dar\u00e1\u00a0comienzo un a\u00f1o m\u00e1s en nuestra ciudad la XVIII Carrera Popular Nocturna. En esta ocasi\u00f3n, las personas participantes, podremos disfrutar de un nuevo recorrido en el que tanto la\u00a0salida\u00a0como la \u00a0meta\u00a0 se han fijado en\u00a0el Estadio Municipal Ciudad de Alcal\u00e1. Durante 8000 metros, socios del [&hellip;]","og_url":"https:\/\/www.burritabike.com\/?p=6079","og_site_name":"Burrita Bike Store","article_publisher":"https:\/\/www.facebook.com\/Burrita-Bike-175649685843399\/","article_published_time":"2015-06-09T16:14:56+00:00","og_image":[{"width":1240,"height":1754,"url":"https:\/\/i0.wp.com\/www.burritabike.com\/wp-content\/uploads\/2015\/06\/cartel-nocturna-2015.jpg?fit=1240%2C1754&ssl=1","type":"image\/jpeg"}],"author":"admin","twitter_card":"summary_large_image","twitter_creator":"@burritabike","twitter_site":"@burritabike","twitter_misc":{"Escrito por":"admin","Tiempo de lectura":"1 minuto"},"schema":{"@context":"https:\/\/schema.org","@graph":[{"@type":"Article","@id":"https:\/\/www.burritabike.com\/?p=6079#article","isPartOf":{"@id":"https:\/\/www.burritabike.com\/?p=6079"},"author":{"name":"admin","@id":"https:\/\/www.burritabike.com\/#\/schema\/person\/3563c6efb697f1307a7946094928c14e"},"headline":"Cuenta atr\u00e1s para la XVIII Carrera Popular Nocturna de Alcal\u00e1 de Guadaira","datePublished":"2015-06-09T16:14:56+00:00","dateModified":"2015-06-09T16:14:56+00:00","mainEntityOfPage":{"@id":"https:\/\/www.burritabike.com\/?p=6079"},"wordCount":121,"publisher":{"@id":"https:\/\/www.burritabike.com\/#organization"},"keywords":["Alcal\u00e1 de Guadaira","Andaluc\u00eda","Bicicleta","Bike","Burrita Bike","Carrera","Competici\u00f3n","corredor","Equipo","nocturna","Sevilla","Verano"],"articleSection":["Bicicletas","BurritaBike","Competiciones","Eventos","Rutas","Salidas","Wilier"],"inLanguage":"es"},{"@type":"WebPage","@id":"https:\/\/www.burritabike.com\/?p=6079","url":"https:\/\/www.burritabike.com\/?p=6079","name":"Cuenta atr\u00e1s para la XVIII Carrera Popular Nocturna de Alcal\u00e1 de Guadaira - Burrita Bike Store","isPartOf":{"@id":"https:\/\/www.burritabike.com\/#website"},"datePublished":"2015-06-09T16:14:56+00:00","dateModified":"2015-06-09T16:14:56+00:00","breadcrumb":{"@id":"https:\/\/www.burritabike.com\/?p=6079#breadcrumb"},"inLanguage":"es","potentialAction":[{"@type":"ReadAction","target":["https:\/\/www.burritabike.com\/?p=6079"]}]},{"@type":"BreadcrumbList","@id":"https:\/\/www.burritabike.com\/?p=6079#breadcrumb","itemListElement":[{"@type":"ListItem","position":1,"name":"Portada","item":"https:\/\/www.burritabike.com\/"},{"@type":"ListItem","position":2,"name":"Cuenta atr\u00e1s para la XVIII Carrera Popular Nocturna de Alcal\u00e1 de Guadaira"}]},{"@type":"WebSite","@id":"https:\/\/www.burritabike.com\/#website","url":"https:\/\/www.burritabike.com\/","name":"Burrita Bike Store","description":"Pasi\u00f3n por el Ciclismo","publisher":{"@id":"https:\/\/www.burritabike.com\/#organization"},"potentialAction":[{"@type":"SearchAction","target":{"@type":"EntryPoint","urlTemplate":"https:\/\/www.burritabike.com\/?s={search_term_string}"},"query-input":"required name=search_term_string"}],"inLanguage":"es"},{"@type":"Organization","@id":"https:\/\/www.burritabike.com\/#organization","name":"BURRITA BIKE STORE","url":"https:\/\/www.burritabike.com\/","logo":{"@type":"ImageObject","inLanguage":"es","@id":"https:\/\/www.burritabike.com\/#\/schema\/logo\/image\/","url":"https:\/\/www.burritabike.com\/wp-content\/uploads\/2019\/03\/logo-burrita-completo-con-copyrigth.jpg","contentUrl":"https:\/\/www.burritabike.com\/wp-content\/uploads\/2019\/03\/logo-burrita-completo-con-copyrigth.jpg","width":908,"height":845,"caption":"BURRITA BIKE STORE"},"image":{"@id":"https:\/\/www.burritabike.com\/#\/schema\/logo\/image\/"},"sameAs":["https:\/\/www.instagram.com\/burritabike\/","https:\/\/www.facebook.com\/Burrita-Bike-175649685843399\/","https:\/\/twitter.com\/burritabike"]},{"@type":"Person","@id":"https:\/\/www.burritabike.com\/#\/schema\/person\/3563c6efb697f1307a7946094928c14e","name":"admin","image":{"@type":"ImageObject","inLanguage":"es","@id":"https:\/\/www.burritabike.com\/#\/schema\/person\/image\/","url":"https:\/\/secure.gravatar.com\/avatar\/8c117fef64d37182dd3844dbf7fa1538?s=96&d=mm&r=g","contentUrl":"https:\/\/secure.gravatar.com\/avatar\/8c117fef64d37182dd3844dbf7fa1538?s=96&d=mm&r=g","caption":"admin"}}]}},"_links":{"self":[{"href":"https:\/\/www.burritabike.com\/index.php?rest_route=\/wp\/v2\/posts\/6079"}],"collection":[{"href":"https:\/\/www.burritabike.com\/index.php?rest_route=\/wp\/v2\/posts"}],"about":[{"href":"https:\/\/www.burritabike.com\/index.php?rest_route=\/wp\/v2\/types\/post"}],"author":[{"embeddable":true,"href":"https:\/\/www.burritabike.com\/index.php?rest_route=\/wp\/v2\/users\/1"}],"replies":[{"embeddable":true,"href":"https:\/\/www.burritabike.com\/index.php?rest_route=%2Fwp%2Fv2%2Fcomments&post=6079"}],"version-history":[{"count":1,"href":"https:\/\/www.burritabike.com\/index.php?rest_route=\/wp\/v2\/posts\/6079\/revisions"}],"predecessor-version":[{"id":6082,"href":"https:\/\/www.burritabike.com\/index.php?rest_route=\/wp\/v2\/posts\/6079\/revisions\/6082"}],"wp:featuredmedia":[{"embeddable":true,"href":"https:\/\/www.burritabike.com\/index.php?rest_route=\/wp\/v2\/media\/6081"}],"wp:attachment":[{"href":"https:\/\/www.burritabike.com\/index.php?rest_route=%2Fwp%2Fv2%2Fmedia&parent=6079"}],"wp:term":[{"taxonomy":"category","embeddable":true,"href":"https:\/\/www.burritabike.com\/index.php?rest_route=%2Fwp%2Fv2%2Fcategories&post=6079"},{"taxonomy":"post_tag","embeddable":true,"href":"https:\/\/www.burritabike.com\/index.php?rest_route=%2Fwp%2Fv2%2Ftags&post=6079"}],"curies":[{"name":"wp","href":"https:\/\/api.w.org\/{rel}","templated":true}]}}