{"id":5957,"date":"2015-05-21T09:00:47","date_gmt":"2015-05-21T09:00:47","guid":{"rendered":"http:\/\/www.burritabike.com\/?p=5957"},"modified":"2015-05-19T15:54:31","modified_gmt":"2015-05-19T15:54:31","slug":"estais-listos-para-el-verano-descubre-las-series-urban-y-e-bike-de-wilier-triestina","status":"publish","type":"post","link":"https:\/\/www.burritabike.com\/?p=5957","title":{"rendered":"\u00bfEST\u00c1IS LISTOS PARA EL VERANO? Descubre las Series URBAN y  E-BIKE de Wilier Triestina"},"content":{"rendered":"<p>Bicicletas para aquellos a quienes les gusta pedalear hasta las ant\u00edpodas de la competici\u00f3n extrema. Wilier Triestina propone una l\u00ednea de bicicletas con soluciones est\u00e9ticas muy originales para quienes desean aproximarse gradualmente a las dos ruedas deportivas.<\/p>\n<p>Las medidas de los bastidores y la altura de la direcci\u00f3n favorecen una c\u00f3moda posici\u00f3n en el sill\u00edn.<\/p>\n<p>Destaca tu estilo y atr\u00e9vete a disfrutar del verano pedaleando en los siguientes modelos:<\/p>\n<p>&nbsp;<\/p>\n<h2><strong><a href=\"http:\/\/www.burritabike.com\/portfolio\/detail\/wilier-caorle-woman-info\/\" target=\"_blank\">Caorle<\/a>, <a href=\"http:\/\/www.burritabike.com\/portfolio\/detail\/wilier-soave-info-2\/\" target=\"_blank\">Soave<\/a>, <a href=\"http:\/\/www.burritabike.com\/portfolio\/detail\/wilier-este-man-info\/\" target=\"_blank\">Este<\/a>: \u00a0<\/strong><\/h2>\n<h2>\u00a0<a href=\"http:\/\/www.burritabike.com\/wp-content\/uploads\/2015\/02\/caorle-man-.jpg\"><img decoding=\"async\" loading=\"lazy\" class=\"aligncenter size-medium wp-image-4632\" src=\"http:\/\/www.burritabike.com\/wp-content\/uploads\/2015\/02\/caorle-man--300x187.jpg\" alt=\"caorle-man-\" width=\"300\" height=\"187\" srcset=\"https:\/\/www.burritabike.com\/wp-content\/uploads\/2015\/02\/caorle-man--300x187.jpg 300w, https:\/\/www.burritabike.com\/wp-content\/uploads\/2015\/02\/caorle-man-.jpg 960w\" sizes=\"(max-width: 300px) 100vw, 300px\" \/><\/a> <a href=\"http:\/\/www.burritabike.com\/wp-content\/uploads\/2015\/02\/caorle-woman-.jpg\"><img decoding=\"async\" loading=\"lazy\" class=\"aligncenter size-medium wp-image-4635\" src=\"http:\/\/www.burritabike.com\/wp-content\/uploads\/2015\/02\/caorle-woman--300x187.jpg\" alt=\"caorle-woman-\" width=\"300\" height=\"187\" srcset=\"https:\/\/www.burritabike.com\/wp-content\/uploads\/2015\/02\/caorle-woman--300x187.jpg 300w, https:\/\/www.burritabike.com\/wp-content\/uploads\/2015\/02\/caorle-woman-.jpg 960w\" sizes=\"(max-width: 300px) 100vw, 300px\" \/><\/a> <a href=\"http:\/\/www.burritabike.com\/wp-content\/uploads\/2015\/02\/soave-grigia-nero.jpg\"><img decoding=\"async\" loading=\"lazy\" class=\"aligncenter size-medium wp-image-4664\" src=\"http:\/\/www.burritabike.com\/wp-content\/uploads\/2015\/02\/soave-grigia-nero-300x187.jpg\" alt=\"soave-grigia-nero\" width=\"300\" height=\"187\" srcset=\"https:\/\/www.burritabike.com\/wp-content\/uploads\/2015\/02\/soave-grigia-nero-300x187.jpg 300w, https:\/\/www.burritabike.com\/wp-content\/uploads\/2015\/02\/soave-grigia-nero.jpg 960w\" sizes=\"(max-width: 300px) 100vw, 300px\" \/><\/a> <a href=\"http:\/\/www.burritabike.com\/wp-content\/uploads\/2015\/02\/soave-nero.jpg\"><img decoding=\"async\" loading=\"lazy\" class=\"aligncenter size-medium wp-image-4661\" src=\"http:\/\/www.burritabike.com\/wp-content\/uploads\/2015\/02\/soave-nero-300x187.jpg\" alt=\"soave-nero\" width=\"300\" height=\"187\" srcset=\"https:\/\/www.burritabike.com\/wp-content\/uploads\/2015\/02\/soave-nero-300x187.jpg 300w, https:\/\/www.burritabike.com\/wp-content\/uploads\/2015\/02\/soave-nero.jpg 960w\" sizes=\"(max-width: 300px) 100vw, 300px\" \/><\/a> <a href=\"http:\/\/www.burritabike.com\/wp-content\/uploads\/2015\/02\/este-woman.jpg\"><img decoding=\"async\" loading=\"lazy\" class=\"aligncenter size-medium wp-image-4652\" src=\"http:\/\/www.burritabike.com\/wp-content\/uploads\/2015\/02\/este-woman-300x187.jpg\" alt=\"este-woman\" width=\"300\" height=\"187\" srcset=\"https:\/\/www.burritabike.com\/wp-content\/uploads\/2015\/02\/este-woman-300x187.jpg 300w, https:\/\/www.burritabike.com\/wp-content\/uploads\/2015\/02\/este-woman.jpg 960w\" sizes=\"(max-width: 300px) 100vw, 300px\" \/><\/a> <a href=\"http:\/\/www.burritabike.com\/wp-content\/uploads\/2015\/02\/este-man-.jpg\"><img decoding=\"async\" loading=\"lazy\" class=\"aligncenter size-medium wp-image-4649\" src=\"http:\/\/www.burritabike.com\/wp-content\/uploads\/2015\/02\/este-man--300x187.jpg\" alt=\"este-man-\" width=\"300\" height=\"187\" srcset=\"https:\/\/www.burritabike.com\/wp-content\/uploads\/2015\/02\/este-man--300x187.jpg 300w, https:\/\/www.burritabike.com\/wp-content\/uploads\/2015\/02\/este-man-.jpg 960w\" sizes=\"(max-width: 300px) 100vw, 300px\" \/><\/a><\/h2>\n<p>Las novedosas Urban Bike dise\u00f1adas y concebidas por los ingenieros de Wilier Triestina se adaptan perfectamente a un uso diario conservando el esp\u00edritu familiar Wilier Triestina que encontramos en las especialidades de carbono. Observemos el tubo horizontal, por ejemplo: el perfi l cortado en la zona del tubo de direcci\u00f3n es un s\u00edmbolo distintivo de Zero.7, Cento1SR y Cento1AIR. Otras soluciones de fabricaci\u00f3n conseguidas dotan a las Urban Bike con alabarda de un rigor est\u00e9tico que seguramente no pasar\u00e1 desapercibido.<\/p>\n<p><strong><a href=\"http:\/\/www.burritabike.com\/portfolio\/detail\/wilier-marostica-info\/\" target=\"_blank\">Marostica:<\/a><\/strong><\/p>\n<p><a href=\"http:\/\/www.burritabike.com\/wp-content\/uploads\/2015\/02\/marostica.jpg\"><img decoding=\"async\" loading=\"lazy\" class=\"aligncenter size-medium wp-image-4655\" src=\"http:\/\/www.burritabike.com\/wp-content\/uploads\/2015\/02\/marostica-300x187.jpg\" alt=\"marostica\" width=\"300\" height=\"187\" srcset=\"https:\/\/www.burritabike.com\/wp-content\/uploads\/2015\/02\/marostica-300x187.jpg 300w, https:\/\/www.burritabike.com\/wp-content\/uploads\/2015\/02\/marostica.jpg 960w\" sizes=\"(max-width: 300px) 100vw, 300px\" \/><\/a><\/p>\n<p>El bastidor es de doble espesor de aluminio. La uni\u00f3n del manillar puede regularse seg\u00fan las exigencias de la propia postura. Marostica dispone de cambios agil\u00edsimos (34\/28) para pedalear con soltura incluso cuando la carretera sube en pendiente. Gracias al mando integrado en el manillar, los frenos, el cambio y el desviador pueden accionarse con facilidad sin apartar las manos de la posici\u00f3n de conducci\u00f3n. Las ruedas son Shimano R500 con comod\u00edsimas cubiertas de 28 mm. El asiento Prologo Phorma, de corte anat\u00f3mico y dise\u00f1o exclusivo, permite permanecer largas horas sentado sin sufrir dolor.<\/p>\n<h2><strong><a href=\"http:\/\/www.burritabike.com\/portfolio\/detail\/wilier-asolo-info\/\" target=\"_blank\">Asolo<\/a><\/strong><\/h2>\n<p><a href=\"http:\/\/www.burritabike.com\/wp-content\/uploads\/2015\/02\/asolo.jpg\"><img decoding=\"async\" loading=\"lazy\" class=\"aligncenter size-medium wp-image-4621\" src=\"http:\/\/www.burritabike.com\/wp-content\/uploads\/2015\/02\/asolo-300x187.jpg\" alt=\"asolo\" width=\"300\" height=\"187\" srcset=\"https:\/\/www.burritabike.com\/wp-content\/uploads\/2015\/02\/asolo-300x187.jpg 300w, https:\/\/www.burritabike.com\/wp-content\/uploads\/2015\/02\/asolo.jpg 960w\" sizes=\"(max-width: 300px) 100vw, 300px\" \/><\/a><\/p>\n<p>Renovados los acabados de la temporada pasada, ahora la bici Weekend que homenajea su ciudadan\u00eda trevisana se propone con un elegante acabado negro opaco con matices rojos y blancos, un estilo plenamente Wilier Triestina. El dise\u00f1o del bastidor es igual a la versi\u00f3n 2013, con la diferencia del tubo oblicuo, que se ha aligerado. Cambio trasero a 8 velocidades, platos y bielas triples en la parte delantera<\/p>\n<p>&nbsp;<\/p>\n<h2><strong><a href=\"http:\/\/www.burritabike.com\/portfolio\/detail\/wilier-cittadella-info\/\" target=\"_blank\">Cittadella<\/a><\/strong><\/h2>\n<p><a href=\"http:\/\/www.burritabike.com\/wp-content\/uploads\/2015\/02\/cittadella-.jpg\"><img decoding=\"async\" loading=\"lazy\" class=\"aligncenter size-medium wp-image-4638\" src=\"http:\/\/www.burritabike.com\/wp-content\/uploads\/2015\/02\/cittadella--300x187.jpg\" alt=\"cittadella-\" width=\"300\" height=\"187\" srcset=\"https:\/\/www.burritabike.com\/wp-content\/uploads\/2015\/02\/cittadella--300x187.jpg 300w, https:\/\/www.burritabike.com\/wp-content\/uploads\/2015\/02\/cittadella-.jpg 960w\" sizes=\"(max-width: 300px) 100vw, 300px\" \/><\/a><\/p>\n<p>A veces vuelven. M\u00e1s bellas que nunca. Y esta vez vuelve Cittadella, la bici Weekend que ha tenido tanto \u00e9xito hasta la temporada 2012. Una bici renovada que vuelve a proponer una bici de fin de semana con una soluci\u00f3n \u201cspeed trekking\u00bb, con elegantes acabados en negro opaco y matices amaranto, el color que caracteriza a la ciudad amurallada de Padua. Se presenta con guardabarros y un refinado trasport\u00edn trasero, Cittadella es la bici perfecta para el que busca en sus ruedas un medio elegante y veloz para moverse por ciudad y en los terrenos sencillos de campo.<\/p>\n<h2><strong><a href=\"http:\/\/www.burritabike.com\/portfolio\/detail\/wilier-assano-info\/\">Bassano<\/a><\/strong><\/h2>\n<p><a href=\"http:\/\/www.burritabike.com\/wp-content\/uploads\/2015\/02\/def_sx_bassano.jpg\"><img decoding=\"async\" loading=\"lazy\" class=\"aligncenter size-medium wp-image-4627\" src=\"http:\/\/www.burritabike.com\/wp-content\/uploads\/2015\/02\/def_sx_bassano-300x187.jpg\" alt=\"def_sx_bassano\" width=\"300\" height=\"187\" srcset=\"https:\/\/www.burritabike.com\/wp-content\/uploads\/2015\/02\/def_sx_bassano-300x187.jpg 300w, https:\/\/www.burritabike.com\/wp-content\/uploads\/2015\/02\/def_sx_bassano.jpg 960w\" sizes=\"(max-width: 300px) 100vw, 300px\" \/><\/a><\/p>\n<p>Es lo mejor de la gama Weekend. El bastidor es de doble espesor de aluminio. La horquilla de carbono, adem\u00e1s de ser particularmente ligera, amortigua las vibraciones transmitidas desde la carretera. La biela es Compact y el paquete de pi\u00f1ones de 11\/28. El cambio es el m\u00e1s que comprobado Shimano 105. Las ruedas, ligeras y fluidas, son Shimano Rs10. El manillar Flat, montado con una inclinaci\u00f3n de tipo carrera, puede invertirse para una utilizaci\u00f3n menos exigente.<\/p>\n<h2><strong><a href=\"http:\/\/www.burritabike.com\/portfolio\/detail\/wilier-toni-bevilacqua-info\/\" target=\"_blank\">Toni Bevilacqua<\/a> y <a href=\"http:\/\/www.burritabike.com\/portfolio\/detail\/wilier-pontevecchioinfo\/\" target=\"_blank\">Pontevecchio<\/a><\/strong><\/h2>\n<p><a href=\"http:\/\/www.burritabike.com\/wp-content\/uploads\/2015\/02\/tony-azzurra-nero.jpg\"><img decoding=\"async\" loading=\"lazy\" class=\"aligncenter size-medium wp-image-4645\" src=\"http:\/\/www.burritabike.com\/wp-content\/uploads\/2015\/02\/tony-azzurra-nero-300x187.jpg\" alt=\"tony-azzurra-nero\" width=\"300\" height=\"187\" srcset=\"https:\/\/www.burritabike.com\/wp-content\/uploads\/2015\/02\/tony-azzurra-nero-300x187.jpg 300w, https:\/\/www.burritabike.com\/wp-content\/uploads\/2015\/02\/tony-azzurra-nero.jpg 960w\" sizes=\"(max-width: 300px) 100vw, 300px\" \/><\/a> <a href=\"http:\/\/www.burritabike.com\/wp-content\/uploads\/2015\/02\/pontevecchio-tricolore-.jpg\"><img decoding=\"async\" loading=\"lazy\" class=\"aligncenter size-medium wp-image-4658\" src=\"http:\/\/www.burritabike.com\/wp-content\/uploads\/2015\/02\/pontevecchio-tricolore--300x187.jpg\" alt=\"pontevecchio-tricolore-\" width=\"300\" height=\"187\" srcset=\"https:\/\/www.burritabike.com\/wp-content\/uploads\/2015\/02\/pontevecchio-tricolore--300x187.jpg 300w, https:\/\/www.burritabike.com\/wp-content\/uploads\/2015\/02\/pontevecchio-tricolore-.jpg 960w\" sizes=\"(max-width: 300px) 100vw, 300px\" \/><\/a><\/p>\n<h2><\/h2>\n<p>Combina un bastidor estilo vintage, alguna pincelada en colores audaces, un pi\u00f1\u00f3n solitario y tantas comodidades: esta es Single Speed, la bici de ciudad sin cambio que est\u00e1 entusiasmando a los norteamericanos. Se vende en dos colores, con el inconfundible estilo Wilier.<\/p>\n<h2><strong><a href=\"http:\/\/www.burritabike.com\/portfolio\/detail\/wilier-atomo-info\/\" target=\"_blank\">Atomo<\/a><\/strong><\/h2>\n<p><a href=\"http:\/\/www.burritabike.com\/wp-content\/uploads\/2015\/02\/atomo.jpg\"><img decoding=\"async\" loading=\"lazy\" class=\"aligncenter size-medium wp-image-4624\" src=\"http:\/\/www.burritabike.com\/wp-content\/uploads\/2015\/02\/atomo-300x187.jpg\" alt=\"atomo\" width=\"300\" height=\"187\" srcset=\"https:\/\/www.burritabike.com\/wp-content\/uploads\/2015\/02\/atomo-300x187.jpg 300w, https:\/\/www.burritabike.com\/wp-content\/uploads\/2015\/02\/atomo.jpg 960w\" sizes=\"(max-width: 300px) 100vw, 300px\" \/><\/a><\/p>\n<p>Est\u00e1s cansado de montar en la t\u00edpica bicicleta?Wilier Triestina incorpora a su colecci\u00f3n el producto ideal para romper los esquemas y plantear nuevos retos. Un producto nuevo, que adopta un estilo totalmente innovador ecol\u00f3gico y respetuoso con el medio ambiente, pero de alto rendimiento, para seguir con la filosof\u00eda propia de Wilier Triestina. ATOMO, el nuevo modelo E-MTB de pedaleo asistido, nada menos que una cl\u00e1sica MTB Wilier Triestina que incorpora un ligero motor el\u00e9ctrico en el buje de la rueda trasera y una bater\u00eda perfectamente integrada en el dise\u00f1o de la bicicleta. Deja de tirar la toalla en subidas demasiado duras, porque ahora tendremos el lujo de llegar donde antes nuestras piernas no nos permit\u00edan.<\/p>\n<p>Motor power:<strong>\u00a0<\/strong><strong>250 W<\/strong><br \/>\nMax speed:\u00a0<strong>25 km\/h + &#8211; 10%<\/strong><br \/>\nBattery:\u00a0<strong>Lithion battery Samsung SDA<\/strong><br \/>\nBattery electric specs:\u00a0<strong>36 V, 11,4 Ah, 410 Wh<\/strong><br \/>\nAutonomy (tested by a 80kg rider):<br \/>\n<strong>&#8211; Power mode 100% 25 km<\/strong><strong><br \/>\n<strong>&#8211;\u00a0Tour mode: 80% 32 km<\/strong><br \/>\n<strong>&#8211;\u00a0City mode: 60% 42 km<\/strong><br \/>\n<strong>&#8211;\u00a0Eco mode: 40% 63 km<\/strong><\/strong><br \/>\nBattery storage:\u00a0<strong>1 year<\/strong><br \/>\nStand by:\u00a0<strong>after 5 minutes<\/strong><br \/>\nFirst charging:\u00a0<strong>12 hours<\/strong><\/p>\n<h2><strong><a href=\"http:\/\/www.burritabike.com\/portfolio\/detail\/wilier-volt-info\/\" target=\"_blank\">Volt<\/a><\/strong><\/h2>\n<p><a href=\"http:\/\/www.burritabike.com\/wp-content\/uploads\/2015\/02\/volt-nero.jpg\"><img decoding=\"async\" loading=\"lazy\" class=\"aligncenter size-medium wp-image-4667\" src=\"http:\/\/www.burritabike.com\/wp-content\/uploads\/2015\/02\/volt-nero-300x187.jpg\" alt=\"volt-nero\" width=\"300\" height=\"187\" srcset=\"https:\/\/www.burritabike.com\/wp-content\/uploads\/2015\/02\/volt-nero-300x187.jpg 300w, https:\/\/www.burritabike.com\/wp-content\/uploads\/2015\/02\/volt-nero.jpg 960w\" sizes=\"(max-width: 300px) 100vw, 300px\" \/><\/a><\/p>\n<p>Como la E-MTB, tambi\u00e9n VOLT es una bicicleta de paseo ligera y de alto rendimiento, con ruedas 700&#215;35. En este caso, tambi\u00e9n se trata de una bicicleta poli\u00e9drica de usodiario, que te permite llegar al trabajo despejado y relajado, o bien para usos m\u00e1s intensivos en carretera.<\/p>\n<p>Motor power:\u00a0<strong>250 W<\/strong><br \/>\nMax speed:<strong>\u00a0<\/strong><strong>25 km\/h + &#8211; 10%<\/strong><br \/>\nBattery:\u00a0<strong>Lithion battery Samsung SDA<\/strong><br \/>\nBattery electric specs:\u00a0<strong>36 V, 11,4 Ah, 410 Wh<\/strong><br \/>\nAutonomy (tested by a 80kg rider):<br \/>\n<strong>Power mode 100%: 25 km<\/strong><strong><br \/>\n<strong>Tour mode: 80% 32 km<\/strong><br \/>\n<strong>City mode: 60% 42 km<\/strong><br \/>\n<strong>Eco mode: 40% 63 km<\/strong><br \/>\n<strong>Battery storage: 1 year<\/strong><\/strong><br \/>\nStand by:\u00a0<strong>after 5 minutes<\/strong><br \/>\nFirst charging:\u00a0<strong>12 hours<\/strong><\/p>\n<p>&nbsp;<\/p>\n<p>Todas las tienes disponible en Burrita Bike<\/p>\n","protected":false},"excerpt":{"rendered":"<p>Bicicletas para aquellos a quienes les gusta pedalear hasta las ant\u00edpodas de la competici\u00f3n extrema. Wilier Triestina propone una l\u00ednea de bicicletas con soluciones est\u00e9ticas muy originales para quienes desean aproximarse gradualmente a las dos ruedas deportivas. Las medidas de los bastidores y la altura de la direcci\u00f3n favorecen una c\u00f3moda posici\u00f3n en el sill\u00edn. [&hellip;]<\/p>\n","protected":false},"author":1,"featured_media":5958,"comment_status":"closed","ping_status":"open","sticky":false,"template":"","format":"standard","meta":{"_mi_skip_tracking":false,"_themeisle_gutenberg_block_has_review":false,"jetpack_publicize_message":"","jetpack_is_tweetstorm":false,"jetpack_publicize_feature_enabled":true,"jetpack_social_post_already_shared":false,"jetpack_social_options":[]},"categories":[43,41,3],"tags":[121,123,127,155,156,134,128,124,125,129],"jetpack_publicize_connections":[],"yoast_head":"<!-- This site is optimized with the Yoast SEO plugin v19.14 - https:\/\/yoast.com\/wordpress\/plugins\/seo\/ -->\n<title>\u00bfEST\u00c1IS LISTOS PARA EL VERANO? Descubre las Series URBAN y E-BIKE de Wilier Triestina - Burrita Bike Store<\/title>\n<meta name=\"robots\" content=\"index, follow, max-snippet:-1, max-image-preview:large, max-video-preview:-1\" \/>\n<link rel=\"canonical\" href=\"https:\/\/www.burritabike.com\/?p=5957\" \/>\n<meta property=\"og:locale\" content=\"es_ES\" \/>\n<meta property=\"og:type\" content=\"article\" \/>\n<meta property=\"og:title\" content=\"\u00bfEST\u00c1IS LISTOS PARA EL VERANO? Descubre las Series URBAN y E-BIKE de Wilier Triestina - Burrita Bike Store\" \/>\n<meta property=\"og:description\" content=\"Bicicletas para aquellos a quienes les gusta pedalear hasta las ant\u00edpodas de la competici\u00f3n extrema. Wilier Triestina propone una l\u00ednea de bicicletas con soluciones est\u00e9ticas muy originales para quienes desean aproximarse gradualmente a las dos ruedas deportivas. Las medidas de los bastidores y la altura de la direcci\u00f3n favorecen una c\u00f3moda posici\u00f3n en el sill\u00edn. [&hellip;]\" \/>\n<meta property=\"og:url\" content=\"https:\/\/www.burritabike.com\/?p=5957\" \/>\n<meta property=\"og:site_name\" content=\"Burrita Bike Store\" \/>\n<meta property=\"article:publisher\" content=\"https:\/\/www.facebook.com\/Burrita-Bike-175649685843399\/\" \/>\n<meta property=\"article:published_time\" content=\"2015-05-21T09:00:47+00:00\" \/>\n<meta property=\"article:modified_time\" content=\"2015-05-19T15:54:31+00:00\" \/>\n<meta property=\"og:image\" content=\"https:\/\/i0.wp.com\/www.burritabike.com\/wp-content\/uploads\/2015\/05\/Dibujo-copia.jpg?fit=1129%2C594&ssl=1\" \/>\n\t<meta property=\"og:image:width\" content=\"1129\" \/>\n\t<meta property=\"og:image:height\" content=\"594\" \/>\n\t<meta property=\"og:image:type\" content=\"image\/jpeg\" \/>\n<meta name=\"author\" content=\"admin\" \/>\n<meta name=\"twitter:card\" content=\"summary_large_image\" \/>\n<meta name=\"twitter:creator\" content=\"@burritabike\" \/>\n<meta name=\"twitter:site\" content=\"@burritabike\" \/>\n<meta name=\"twitter:label1\" content=\"Escrito por\" \/>\n\t<meta name=\"twitter:data1\" content=\"admin\" \/>\n\t<meta name=\"twitter:label2\" content=\"Tiempo de lectura\" \/>\n\t<meta name=\"twitter:data2\" content=\"4 minutos\" \/>\n<script type=\"application\/ld+json\" class=\"yoast-schema-graph\">{\"@context\":\"https:\/\/schema.org\",\"@graph\":[{\"@type\":\"Article\",\"@id\":\"https:\/\/www.burritabike.com\/?p=5957#article\",\"isPartOf\":{\"@id\":\"https:\/\/www.burritabike.com\/?p=5957\"},\"author\":{\"name\":\"admin\",\"@id\":\"https:\/\/www.burritabike.com\/#\/schema\/person\/3563c6efb697f1307a7946094928c14e\"},\"headline\":\"\u00bfEST\u00c1IS LISTOS PARA EL VERANO? Descubre las Series URBAN y E-BIKE de Wilier Triestina\",\"datePublished\":\"2015-05-21T09:00:47+00:00\",\"dateModified\":\"2015-05-19T15:54:31+00:00\",\"mainEntityOfPage\":{\"@id\":\"https:\/\/www.burritabike.com\/?p=5957\"},\"wordCount\":870,\"publisher\":{\"@id\":\"https:\/\/www.burritabike.com\/#organization\"},\"keywords\":[\"Bicicleta\",\"Ciclismo\",\"Moda\",\"novedad\",\"producto\",\"Sevilla\",\"Tecnolog\u00eda\",\"Tendencia\",\"Verano\",\"Wilier\"],\"articleSection\":[\"Bicicletas\",\"BurritaBike\",\"Productos\"],\"inLanguage\":\"es\"},{\"@type\":\"WebPage\",\"@id\":\"https:\/\/www.burritabike.com\/?p=5957\",\"url\":\"https:\/\/www.burritabike.com\/?p=5957\",\"name\":\"\u00bfEST\u00c1IS LISTOS PARA EL VERANO? Descubre las Series URBAN y E-BIKE de Wilier Triestina - Burrita Bike Store\",\"isPartOf\":{\"@id\":\"https:\/\/www.burritabike.com\/#website\"},\"datePublished\":\"2015-05-21T09:00:47+00:00\",\"dateModified\":\"2015-05-19T15:54:31+00:00\",\"breadcrumb\":{\"@id\":\"https:\/\/www.burritabike.com\/?p=5957#breadcrumb\"},\"inLanguage\":\"es\",\"potentialAction\":[{\"@type\":\"ReadAction\",\"target\":[\"https:\/\/www.burritabike.com\/?p=5957\"]}]},{\"@type\":\"BreadcrumbList\",\"@id\":\"https:\/\/www.burritabike.com\/?p=5957#breadcrumb\",\"itemListElement\":[{\"@type\":\"ListItem\",\"position\":1,\"name\":\"Portada\",\"item\":\"https:\/\/www.burritabike.com\/\"},{\"@type\":\"ListItem\",\"position\":2,\"name\":\"\u00bfEST\u00c1IS LISTOS PARA EL VERANO? Descubre las Series URBAN y E-BIKE de Wilier Triestina\"}]},{\"@type\":\"WebSite\",\"@id\":\"https:\/\/www.burritabike.com\/#website\",\"url\":\"https:\/\/www.burritabike.com\/\",\"name\":\"Burrita Bike Store\",\"description\":\"Pasi\u00f3n por el Ciclismo\",\"publisher\":{\"@id\":\"https:\/\/www.burritabike.com\/#organization\"},\"potentialAction\":[{\"@type\":\"SearchAction\",\"target\":{\"@type\":\"EntryPoint\",\"urlTemplate\":\"https:\/\/www.burritabike.com\/?s={search_term_string}\"},\"query-input\":\"required name=search_term_string\"}],\"inLanguage\":\"es\"},{\"@type\":\"Organization\",\"@id\":\"https:\/\/www.burritabike.com\/#organization\",\"name\":\"BURRITA BIKE STORE\",\"url\":\"https:\/\/www.burritabike.com\/\",\"logo\":{\"@type\":\"ImageObject\",\"inLanguage\":\"es\",\"@id\":\"https:\/\/www.burritabike.com\/#\/schema\/logo\/image\/\",\"url\":\"https:\/\/www.burritabike.com\/wp-content\/uploads\/2019\/03\/logo-burrita-completo-con-copyrigth.jpg\",\"contentUrl\":\"https:\/\/www.burritabike.com\/wp-content\/uploads\/2019\/03\/logo-burrita-completo-con-copyrigth.jpg\",\"width\":908,\"height\":845,\"caption\":\"BURRITA BIKE STORE\"},\"image\":{\"@id\":\"https:\/\/www.burritabike.com\/#\/schema\/logo\/image\/\"},\"sameAs\":[\"https:\/\/www.instagram.com\/burritabike\/\",\"https:\/\/www.facebook.com\/Burrita-Bike-175649685843399\/\",\"https:\/\/twitter.com\/burritabike\"]},{\"@type\":\"Person\",\"@id\":\"https:\/\/www.burritabike.com\/#\/schema\/person\/3563c6efb697f1307a7946094928c14e\",\"name\":\"admin\",\"image\":{\"@type\":\"ImageObject\",\"inLanguage\":\"es\",\"@id\":\"https:\/\/www.burritabike.com\/#\/schema\/person\/image\/\",\"url\":\"https:\/\/secure.gravatar.com\/avatar\/8c117fef64d37182dd3844dbf7fa1538?s=96&d=mm&r=g\",\"contentUrl\":\"https:\/\/secure.gravatar.com\/avatar\/8c117fef64d37182dd3844dbf7fa1538?s=96&d=mm&r=g\",\"caption\":\"admin\"}}]}<\/script>\n<!-- \/ Yoast SEO plugin. -->","yoast_head_json":{"title":"\u00bfEST\u00c1IS LISTOS PARA EL VERANO? Descubre las Series URBAN y E-BIKE de Wilier Triestina - Burrita Bike Store","robots":{"index":"index","follow":"follow","max-snippet":"max-snippet:-1","max-image-preview":"max-image-preview:large","max-video-preview":"max-video-preview:-1"},"canonical":"https:\/\/www.burritabike.com\/?p=5957","og_locale":"es_ES","og_type":"article","og_title":"\u00bfEST\u00c1IS LISTOS PARA EL VERANO? Descubre las Series URBAN y E-BIKE de Wilier Triestina - Burrita Bike Store","og_description":"Bicicletas para aquellos a quienes les gusta pedalear hasta las ant\u00edpodas de la competici\u00f3n extrema. Wilier Triestina propone una l\u00ednea de bicicletas con soluciones est\u00e9ticas muy originales para quienes desean aproximarse gradualmente a las dos ruedas deportivas. Las medidas de los bastidores y la altura de la direcci\u00f3n favorecen una c\u00f3moda posici\u00f3n en el sill\u00edn. [&hellip;]","og_url":"https:\/\/www.burritabike.com\/?p=5957","og_site_name":"Burrita Bike Store","article_publisher":"https:\/\/www.facebook.com\/Burrita-Bike-175649685843399\/","article_published_time":"2015-05-21T09:00:47+00:00","article_modified_time":"2015-05-19T15:54:31+00:00","og_image":[{"width":1129,"height":594,"url":"https:\/\/i0.wp.com\/www.burritabike.com\/wp-content\/uploads\/2015\/05\/Dibujo-copia.jpg?fit=1129%2C594&ssl=1","type":"image\/jpeg"}],"author":"admin","twitter_card":"summary_large_image","twitter_creator":"@burritabike","twitter_site":"@burritabike","twitter_misc":{"Escrito por":"admin","Tiempo de lectura":"4 minutos"},"schema":{"@context":"https:\/\/schema.org","@graph":[{"@type":"Article","@id":"https:\/\/www.burritabike.com\/?p=5957#article","isPartOf":{"@id":"https:\/\/www.burritabike.com\/?p=5957"},"author":{"name":"admin","@id":"https:\/\/www.burritabike.com\/#\/schema\/person\/3563c6efb697f1307a7946094928c14e"},"headline":"\u00bfEST\u00c1IS LISTOS PARA EL VERANO? Descubre las Series URBAN y E-BIKE de Wilier Triestina","datePublished":"2015-05-21T09:00:47+00:00","dateModified":"2015-05-19T15:54:31+00:00","mainEntityOfPage":{"@id":"https:\/\/www.burritabike.com\/?p=5957"},"wordCount":870,"publisher":{"@id":"https:\/\/www.burritabike.com\/#organization"},"keywords":["Bicicleta","Ciclismo","Moda","novedad","producto","Sevilla","Tecnolog\u00eda","Tendencia","Verano","Wilier"],"articleSection":["Bicicletas","BurritaBike","Productos"],"inLanguage":"es"},{"@type":"WebPage","@id":"https:\/\/www.burritabike.com\/?p=5957","url":"https:\/\/www.burritabike.com\/?p=5957","name":"\u00bfEST\u00c1IS LISTOS PARA EL VERANO? Descubre las Series URBAN y E-BIKE de Wilier Triestina - Burrita Bike Store","isPartOf":{"@id":"https:\/\/www.burritabike.com\/#website"},"datePublished":"2015-05-21T09:00:47+00:00","dateModified":"2015-05-19T15:54:31+00:00","breadcrumb":{"@id":"https:\/\/www.burritabike.com\/?p=5957#breadcrumb"},"inLanguage":"es","potentialAction":[{"@type":"ReadAction","target":["https:\/\/www.burritabike.com\/?p=5957"]}]},{"@type":"BreadcrumbList","@id":"https:\/\/www.burritabike.com\/?p=5957#breadcrumb","itemListElement":[{"@type":"ListItem","position":1,"name":"Portada","item":"https:\/\/www.burritabike.com\/"},{"@type":"ListItem","position":2,"name":"\u00bfEST\u00c1IS LISTOS PARA EL VERANO? Descubre las Series URBAN y E-BIKE de Wilier Triestina"}]},{"@type":"WebSite","@id":"https:\/\/www.burritabike.com\/#website","url":"https:\/\/www.burritabike.com\/","name":"Burrita Bike Store","description":"Pasi\u00f3n por el Ciclismo","publisher":{"@id":"https:\/\/www.burritabike.com\/#organization"},"potentialAction":[{"@type":"SearchAction","target":{"@type":"EntryPoint","urlTemplate":"https:\/\/www.burritabike.com\/?s={search_term_string}"},"query-input":"required name=search_term_string"}],"inLanguage":"es"},{"@type":"Organization","@id":"https:\/\/www.burritabike.com\/#organization","name":"BURRITA BIKE STORE","url":"https:\/\/www.burritabike.com\/","logo":{"@type":"ImageObject","inLanguage":"es","@id":"https:\/\/www.burritabike.com\/#\/schema\/logo\/image\/","url":"https:\/\/www.burritabike.com\/wp-content\/uploads\/2019\/03\/logo-burrita-completo-con-copyrigth.jpg","contentUrl":"https:\/\/www.burritabike.com\/wp-content\/uploads\/2019\/03\/logo-burrita-completo-con-copyrigth.jpg","width":908,"height":845,"caption":"BURRITA BIKE STORE"},"image":{"@id":"https:\/\/www.burritabike.com\/#\/schema\/logo\/image\/"},"sameAs":["https:\/\/www.instagram.com\/burritabike\/","https:\/\/www.facebook.com\/Burrita-Bike-175649685843399\/","https:\/\/twitter.com\/burritabike"]},{"@type":"Person","@id":"https:\/\/www.burritabike.com\/#\/schema\/person\/3563c6efb697f1307a7946094928c14e","name":"admin","image":{"@type":"ImageObject","inLanguage":"es","@id":"https:\/\/www.burritabike.com\/#\/schema\/person\/image\/","url":"https:\/\/secure.gravatar.com\/avatar\/8c117fef64d37182dd3844dbf7fa1538?s=96&d=mm&r=g","contentUrl":"https:\/\/secure.gravatar.com\/avatar\/8c117fef64d37182dd3844dbf7fa1538?s=96&d=mm&r=g","caption":"admin"}}]}},"_links":{"self":[{"href":"https:\/\/www.burritabike.com\/index.php?rest_route=\/wp\/v2\/posts\/5957"}],"collection":[{"href":"https:\/\/www.burritabike.com\/index.php?rest_route=\/wp\/v2\/posts"}],"about":[{"href":"https:\/\/www.burritabike.com\/index.php?rest_route=\/wp\/v2\/types\/post"}],"author":[{"embeddable":true,"href":"https:\/\/www.burritabike.com\/index.php?rest_route=\/wp\/v2\/users\/1"}],"replies":[{"embeddable":true,"href":"https:\/\/www.burritabike.com\/index.php?rest_route=%2Fwp%2Fv2%2Fcomments&post=5957"}],"version-history":[{"count":2,"href":"https:\/\/www.burritabike.com\/index.php?rest_route=\/wp\/v2\/posts\/5957\/revisions"}],"predecessor-version":[{"id":5960,"href":"https:\/\/www.burritabike.com\/index.php?rest_route=\/wp\/v2\/posts\/5957\/revisions\/5960"}],"wp:featuredmedia":[{"embeddable":true,"href":"https:\/\/www.burritabike.com\/index.php?rest_route=\/wp\/v2\/media\/5958"}],"wp:attachment":[{"href":"https:\/\/www.burritabike.com\/index.php?rest_route=%2Fwp%2Fv2%2Fmedia&parent=5957"}],"wp:term":[{"taxonomy":"category","embeddable":true,"href":"https:\/\/www.burritabike.com\/index.php?rest_route=%2Fwp%2Fv2%2Fcategories&post=5957"},{"taxonomy":"post_tag","embeddable":true,"href":"https:\/\/www.burritabike.com\/index.php?rest_route=%2Fwp%2Fv2%2Ftags&post=5957"}],"curies":[{"name":"wp","href":"https:\/\/api.w.org\/{rel}","templated":true}]}}