{"id":5952,"date":"2015-05-19T14:38:22","date_gmt":"2015-05-19T14:38:22","guid":{"rendered":"http:\/\/www.burritabike.com\/?p=5952"},"modified":"2015-05-19T14:38:22","modified_gmt":"2015-05-19T14:38:22","slug":"adelanto-2016-wilier-triestina","status":"publish","type":"post","link":"https:\/\/www.burritabike.com\/?p=5952","title":{"rendered":"ADELANTO 2016 WILIER TRIESTINA"},"content":{"rendered":"<p><a href=\"http:\/\/www.burritabike.com\/wp-content\/uploads\/2015\/05\/wilier-cento-12016.jpg\"><img decoding=\"async\" loading=\"lazy\" class=\"aligncenter size-medium wp-image-5953\" src=\"http:\/\/www.burritabike.com\/wp-content\/uploads\/2015\/05\/wilier-cento-12016-300x188.jpg\" alt=\"wilier cento 12016\" width=\"300\" height=\"188\" srcset=\"https:\/\/www.burritabike.com\/wp-content\/uploads\/2015\/05\/wilier-cento-12016-300x188.jpg 300w, https:\/\/www.burritabike.com\/wp-content\/uploads\/2015\/05\/wilier-cento-12016.jpg 960w\" sizes=\"(max-width: 300px) 100vw, 300px\" \/><\/a><\/p>\n<p><strong><u>CENTO1SR LA EVOLUCI\u00d3N ES NADA SIN TRADICI\u00d3N.<\/u><\/strong><br \/>\nCon Zero.7 hemos comprendido la importancia de no desperdiciar ni siquiera un vatio de potencia.<\/p>\n<p>Hemos aprendido a controlar los flujos de aire modelando los bastidores de las bicicletas contrarreloj.\u00a0Las miles de Cento1 construidas han confirmado que la tija de sill\u00edn integrada es un elemento esencial para los m\u00e1s exigentes.<\/p>\n<p>&nbsp;<\/p>\n<p>Hemos reunido lo mejor de lo mejor. La intuici\u00f3n de Wilier Triestina ha hecho el resto. Cento1SR: la evoluci\u00f3n empieza hoy.<\/p>\n<p>&nbsp;<\/p>\n<p>\u00abUn bastidor incre\u00edblemente fuerte, pero incre\u00edblemente c\u00f3modo\u00bb\u00a0 BikeRadar<\/p>\n<p>Con estas palabras BikeRadar ha decretado a la Cento1SR como una de las mejores bicicletas en cuanto a su rendimiento y al mismo tiempo, de las m\u00e1s c\u00f3modas del mercado. Adem\u00e1s, dispone de sistema BB386EVO integrado en el bastidor: el bastidor m\u00e1s r\u00edgido en el mundo *.<\/p>\n<p>&nbsp;<\/p>\n<p><strong>ESPECIFICACIONES:<\/strong><\/p>\n<table>\n<tbody>\n<tr>\n<td><strong><u>DURA ACE SPECS<\/u><\/strong><\/td>\n<\/tr>\n<tr>\n<td><strong>TRANSMISI\u00d3N <\/strong><\/td>\n<td>shimano &#8211; dura ace 9000, 11s<\/td>\n<\/tr>\n<tr>\n<td><strong>GUARNITURA<\/strong><\/td>\n<td>shimano &#8211; dura ace 9000, 11s, 50\/34<\/td>\n<\/tr>\n<tr>\n<td><strong>RUEDAS <\/strong><\/td>\n<td>shimano<\/td>\n<\/tr>\n<tr>\n<td><strong>PLIEGUE <\/strong><\/td>\n<td>fsa energy CUSTOM WILIER<\/td>\n<\/tr>\n<tr>\n<td><strong>ATTACCO<\/strong><\/td>\n<td>fsa energy CUSTOM WILIER<\/td>\n<\/tr>\n<tr>\n<td><strong>SILL\u00cdN <\/strong><\/td>\n<td>selle san marco &#8211; aspide<\/td>\n<\/tr>\n<tr>\n<td><strong>PESO<\/strong><\/td>\n<td>7,3 kg \u00b1 5%<\/td>\n<\/tr>\n<tr>\n<td>&nbsp;<\/p>\n<p><strong>\u00a0<\/strong><\/p>\n<p><strong><u>RECORD SPECS<\/u><\/strong><\/td>\n<td><\/td>\n<\/tr>\n<tr>\n<td><strong>TRANSMISI\u00d3N <\/strong><\/td>\n<td>CAMPAGNOLO &#8211; Record RD15-RE1, 11S<\/td>\n<\/tr>\n<tr>\n<td><strong>GUARNITURA<\/strong><\/td>\n<td>CAMPAGNOLO &#8211; Record FC15, 50\/34T o 52\/36T<\/td>\n<\/tr>\n<tr>\n<td><strong>RUEDAS <\/strong><\/td>\n<td>CAMPAGNOLO &#8211; Shamal Mille WH15-SHCFRB<\/td>\n<\/tr>\n<tr>\n<td><strong>PLIEGUE <\/strong><\/td>\n<td>fsa energy CUSTOM WILIER<\/td>\n<\/tr>\n<tr>\n<td><strong>ATTACCO<\/strong><\/td>\n<td>fsa energy CUSTOM WILIER<\/td>\n<\/tr>\n<tr>\n<td><strong>SILL\u00cdN <\/strong><\/td>\n<td>selle san marco &#8211; aspide<\/td>\n<\/tr>\n<tr>\n<td><strong>PESO<\/strong><\/td>\n<td>7,0 kg \u00b1 5%<\/td>\n<\/tr>\n<tr>\n<td><strong>\u00a0<\/strong><\/p>\n<p><strong>\u00a0<\/strong><\/p>\n<p><strong><u>CHORUS SPECS<\/u><\/strong><\/td>\n<td>&nbsp;<\/td>\n<\/tr>\n<tr>\n<td><strong>TRANSMISI\u00d3N <\/strong><\/td>\n<td>CAMPAGNOLO &#8211; Chorus RD15-CH1, 11S<\/td>\n<\/tr>\n<tr>\n<td><strong>GUARNITURA<\/strong><\/td>\n<td>CAMPAGNOLO &#8211; Chorus FC15, 50\/34T o 52\/36T<\/td>\n<\/tr>\n<tr>\n<td><strong>RUEDAS <\/strong><\/td>\n<td>CAMPAGNOLO &#8211; Scirocco 35 WH13-SCCFRB<\/td>\n<\/tr>\n<tr>\n<td><strong>PLIEGUE <\/strong><\/td>\n<td>fsa energy CUSTOM WILIER<\/td>\n<\/tr>\n<tr>\n<td><strong>ATTACCO<\/strong><\/td>\n<td>fsa energy CUSTOM WILIER<\/td>\n<\/tr>\n<tr>\n<td><strong>SILL\u00cdN <\/strong><\/td>\n<td>selle san marco &#8211; aspide<\/td>\n<\/tr>\n<tr>\n<td><strong>PESO<\/strong><\/td>\n<td>7,3 kg \u00b1 5%<\/td>\n<\/tr>\n<\/tbody>\n<\/table>\n<p>&nbsp;<\/p>\n<p><a href=\"http:\/\/www.burritabike.com\/wp-content\/uploads\/2015\/05\/503-2016.jpg\"><img decoding=\"async\" loading=\"lazy\" class=\"aligncenter size-medium wp-image-5954\" src=\"http:\/\/www.burritabike.com\/wp-content\/uploads\/2015\/05\/503-2016-300x188.jpg\" alt=\"503 2016\" width=\"300\" height=\"188\" srcset=\"https:\/\/www.burritabike.com\/wp-content\/uploads\/2015\/05\/503-2016-300x188.jpg 300w, https:\/\/www.burritabike.com\/wp-content\/uploads\/2015\/05\/503-2016.jpg 960w\" sizes=\"(max-width: 300px) 100vw, 300px\" \/><\/a><\/p>\n<p>&nbsp;<\/p>\n<p><strong><u>503XN.<\/u><\/strong><\/p>\n<p>El \u00a0modelo en aluminio de Wilier Triestina. La nueva tope de gama que cuenta con<\/p>\n<ul>\n<li>Aluminio 6061<\/li>\n<li>Doble espesor<\/li>\n<li>Incorpora en s\u00ed misma todas las \u00faltimas tendencias del sector t\u00e9cnico mtb<\/li>\n<li>Ruedas de 29 pulgadas<\/li>\n<li>Tubo de direcci\u00f3n de di\u00e1metros diferenciados<\/li>\n<li>Cables de transmisi\u00f3n integrados en el cuadro<\/li>\n<li>Tija de sill\u00edn de 27,20 mm de di\u00e1metro<\/li>\n<li>Desviador direct mount<\/li>\n<li>Eje de enlace posterior y anterior en horquilla amortizada con 100 mm de travel<\/li>\n<\/ul>\n<p><strong>\u00a0<\/strong><\/p>\n<p><strong>ESPECIFICACIONES:<\/strong><\/p>\n<table>\n<tbody>\n<tr>\n<td><strong>TRANSMISI\u00d3N <\/strong><\/td>\n<td>SHIMANO &#8211; XT, RD-M781, 10S<\/td>\n<\/tr>\n<tr>\n<td><strong>GUARNITURA<\/strong><\/td>\n<td>SHIMANO &#8211; XT, 38X24T [170MM SU 650B, 175MM SU 29\u201d]<\/td>\n<\/tr>\n<tr>\n<td><strong>RUEDAS <\/strong><\/td>\n<td>ROCK SHOX REBA RL, 100MM TRAVEL<\/td>\n<\/tr>\n<tr>\n<td><strong>PLIEGUE <\/strong><\/td>\n<td>DT SWISS &#8211; XC444, 32 HOLES, BLACK<\/td>\n<\/tr>\n<tr>\n<td><strong>ATTACCO<\/strong><\/td>\n<td>PROMAX &#8211; HB3018<\/td>\n<\/tr>\n<tr>\n<td><strong>SILL\u00cdN <\/strong><\/td>\n<td>PROMAX &#8211; DA282<\/td>\n<\/tr>\n<tr>\n<td><strong>PESO<\/strong><\/td>\n<td>SELLE SAN MARCO &#8211; ERA STAR<\/td>\n<\/tr>\n<tr>\n<td><strong>TRANSMISI\u00d3N <\/strong><\/td>\n<td>12,1 KG \u00b1 5%<\/td>\n<\/tr>\n<\/tbody>\n<\/table>\n<p>&nbsp;<\/p>\n","protected":false},"excerpt":{"rendered":"<p>CENTO1SR LA EVOLUCI\u00d3N ES NADA SIN TRADICI\u00d3N. Con Zero.7 hemos comprendido la importancia de no desperdiciar ni siquiera un vatio de potencia. Hemos aprendido a controlar los flujos de aire modelando los bastidores de las bicicletas contrarreloj.\u00a0Las miles de Cento1 construidas han confirmado que la tija de sill\u00edn integrada es un elemento esencial para los [&hellip;]<\/p>\n","protected":false},"author":1,"featured_media":5955,"comment_status":"closed","ping_status":"open","sticky":false,"template":"","format":"standard","meta":{"_mi_skip_tracking":false,"_themeisle_gutenberg_block_has_review":false,"jetpack_publicize_message":"","jetpack_is_tweetstorm":false,"jetpack_publicize_feature_enabled":true,"jetpack_social_post_already_shared":false,"jetpack_social_options":[]},"categories":[43,41,3,40],"tags":[157,159,121,139,158,155,156,134,128,124,125,129],"jetpack_publicize_connections":[],"yoast_head":"<!-- This site is optimized with the Yoast SEO plugin v19.14 - https:\/\/yoast.com\/wordpress\/plugins\/seo\/ -->\n<title>ADELANTO 2016 WILIER TRIESTINA - Burrita Bike Store<\/title>\n<meta name=\"robots\" content=\"index, follow, max-snippet:-1, max-image-preview:large, max-video-preview:-1\" \/>\n<link rel=\"canonical\" href=\"https:\/\/www.burritabike.com\/?p=5952\" \/>\n<meta property=\"og:locale\" content=\"es_ES\" \/>\n<meta property=\"og:type\" content=\"article\" \/>\n<meta property=\"og:title\" content=\"ADELANTO 2016 WILIER TRIESTINA - Burrita Bike Store\" \/>\n<meta property=\"og:description\" content=\"CENTO1SR LA EVOLUCI\u00d3N ES NADA SIN TRADICI\u00d3N. Con Zero.7 hemos comprendido la importancia de no desperdiciar ni siquiera un vatio de potencia. Hemos aprendido a controlar los flujos de aire modelando los bastidores de las bicicletas contrarreloj.\u00a0Las miles de Cento1 construidas han confirmado que la tija de sill\u00edn integrada es un elemento esencial para los [&hellip;]\" \/>\n<meta property=\"og:url\" content=\"https:\/\/www.burritabike.com\/?p=5952\" \/>\n<meta property=\"og:site_name\" content=\"Burrita Bike Store\" \/>\n<meta property=\"article:publisher\" content=\"https:\/\/www.facebook.com\/Burrita-Bike-175649685843399\/\" \/>\n<meta property=\"article:published_time\" content=\"2015-05-19T14:38:22+00:00\" \/>\n<meta property=\"og:image\" content=\"https:\/\/i0.wp.com\/www.burritabike.com\/wp-content\/uploads\/2015\/05\/wilier-2016.jpg?fit=960%2C600&ssl=1\" \/>\n\t<meta property=\"og:image:width\" content=\"960\" \/>\n\t<meta property=\"og:image:height\" content=\"600\" \/>\n\t<meta property=\"og:image:type\" content=\"image\/jpeg\" \/>\n<meta name=\"author\" content=\"admin\" \/>\n<meta name=\"twitter:card\" content=\"summary_large_image\" \/>\n<meta name=\"twitter:creator\" content=\"@burritabike\" \/>\n<meta name=\"twitter:site\" content=\"@burritabike\" \/>\n<meta name=\"twitter:label1\" content=\"Escrito por\" \/>\n\t<meta name=\"twitter:data1\" content=\"admin\" \/>\n\t<meta name=\"twitter:label2\" content=\"Tiempo de lectura\" \/>\n\t<meta name=\"twitter:data2\" content=\"2 minutos\" \/>\n<script type=\"application\/ld+json\" class=\"yoast-schema-graph\">{\"@context\":\"https:\/\/schema.org\",\"@graph\":[{\"@type\":\"Article\",\"@id\":\"https:\/\/www.burritabike.com\/?p=5952#article\",\"isPartOf\":{\"@id\":\"https:\/\/www.burritabike.com\/?p=5952\"},\"author\":{\"name\":\"admin\",\"@id\":\"https:\/\/www.burritabike.com\/#\/schema\/person\/3563c6efb697f1307a7946094928c14e\"},\"headline\":\"ADELANTO 2016 WILIER TRIESTINA\",\"datePublished\":\"2015-05-19T14:38:22+00:00\",\"dateModified\":\"2015-05-19T14:38:22+00:00\",\"mainEntityOfPage\":{\"@id\":\"https:\/\/www.burritabike.com\/?p=5952\"},\"wordCount\":415,\"publisher\":{\"@id\":\"https:\/\/www.burritabike.com\/#organization\"},\"keywords\":[\"2016\",\"503xn\",\"Bicicleta\",\"Bike\",\"cento1sr\",\"novedad\",\"producto\",\"Sevilla\",\"Tecnolog\u00eda\",\"Tendencia\",\"Verano\",\"Wilier\"],\"articleSection\":[\"Bicicletas\",\"BurritaBike\",\"Productos\",\"Wilier\"],\"inLanguage\":\"es\"},{\"@type\":\"WebPage\",\"@id\":\"https:\/\/www.burritabike.com\/?p=5952\",\"url\":\"https:\/\/www.burritabike.com\/?p=5952\",\"name\":\"ADELANTO 2016 WILIER TRIESTINA - Burrita Bike Store\",\"isPartOf\":{\"@id\":\"https:\/\/www.burritabike.com\/#website\"},\"datePublished\":\"2015-05-19T14:38:22+00:00\",\"dateModified\":\"2015-05-19T14:38:22+00:00\",\"breadcrumb\":{\"@id\":\"https:\/\/www.burritabike.com\/?p=5952#breadcrumb\"},\"inLanguage\":\"es\",\"potentialAction\":[{\"@type\":\"ReadAction\",\"target\":[\"https:\/\/www.burritabike.com\/?p=5952\"]}]},{\"@type\":\"BreadcrumbList\",\"@id\":\"https:\/\/www.burritabike.com\/?p=5952#breadcrumb\",\"itemListElement\":[{\"@type\":\"ListItem\",\"position\":1,\"name\":\"Portada\",\"item\":\"https:\/\/www.burritabike.com\/\"},{\"@type\":\"ListItem\",\"position\":2,\"name\":\"ADELANTO 2016 WILIER TRIESTINA\"}]},{\"@type\":\"WebSite\",\"@id\":\"https:\/\/www.burritabike.com\/#website\",\"url\":\"https:\/\/www.burritabike.com\/\",\"name\":\"Burrita Bike Store\",\"description\":\"Pasi\u00f3n por el Ciclismo\",\"publisher\":{\"@id\":\"https:\/\/www.burritabike.com\/#organization\"},\"potentialAction\":[{\"@type\":\"SearchAction\",\"target\":{\"@type\":\"EntryPoint\",\"urlTemplate\":\"https:\/\/www.burritabike.com\/?s={search_term_string}\"},\"query-input\":\"required name=search_term_string\"}],\"inLanguage\":\"es\"},{\"@type\":\"Organization\",\"@id\":\"https:\/\/www.burritabike.com\/#organization\",\"name\":\"BURRITA BIKE STORE\",\"url\":\"https:\/\/www.burritabike.com\/\",\"logo\":{\"@type\":\"ImageObject\",\"inLanguage\":\"es\",\"@id\":\"https:\/\/www.burritabike.com\/#\/schema\/logo\/image\/\",\"url\":\"https:\/\/www.burritabike.com\/wp-content\/uploads\/2019\/03\/logo-burrita-completo-con-copyrigth.jpg\",\"contentUrl\":\"https:\/\/www.burritabike.com\/wp-content\/uploads\/2019\/03\/logo-burrita-completo-con-copyrigth.jpg\",\"width\":908,\"height\":845,\"caption\":\"BURRITA BIKE STORE\"},\"image\":{\"@id\":\"https:\/\/www.burritabike.com\/#\/schema\/logo\/image\/\"},\"sameAs\":[\"https:\/\/www.instagram.com\/burritabike\/\",\"https:\/\/www.facebook.com\/Burrita-Bike-175649685843399\/\",\"https:\/\/twitter.com\/burritabike\"]},{\"@type\":\"Person\",\"@id\":\"https:\/\/www.burritabike.com\/#\/schema\/person\/3563c6efb697f1307a7946094928c14e\",\"name\":\"admin\",\"image\":{\"@type\":\"ImageObject\",\"inLanguage\":\"es\",\"@id\":\"https:\/\/www.burritabike.com\/#\/schema\/person\/image\/\",\"url\":\"https:\/\/secure.gravatar.com\/avatar\/8c117fef64d37182dd3844dbf7fa1538?s=96&d=mm&r=g\",\"contentUrl\":\"https:\/\/secure.gravatar.com\/avatar\/8c117fef64d37182dd3844dbf7fa1538?s=96&d=mm&r=g\",\"caption\":\"admin\"}}]}<\/script>\n<!-- \/ Yoast SEO plugin. -->","yoast_head_json":{"title":"ADELANTO 2016 WILIER TRIESTINA - Burrita Bike Store","robots":{"index":"index","follow":"follow","max-snippet":"max-snippet:-1","max-image-preview":"max-image-preview:large","max-video-preview":"max-video-preview:-1"},"canonical":"https:\/\/www.burritabike.com\/?p=5952","og_locale":"es_ES","og_type":"article","og_title":"ADELANTO 2016 WILIER TRIESTINA - Burrita Bike Store","og_description":"CENTO1SR LA EVOLUCI\u00d3N ES NADA SIN TRADICI\u00d3N. Con Zero.7 hemos comprendido la importancia de no desperdiciar ni siquiera un vatio de potencia. Hemos aprendido a controlar los flujos de aire modelando los bastidores de las bicicletas contrarreloj.\u00a0Las miles de Cento1 construidas han confirmado que la tija de sill\u00edn integrada es un elemento esencial para los [&hellip;]","og_url":"https:\/\/www.burritabike.com\/?p=5952","og_site_name":"Burrita Bike Store","article_publisher":"https:\/\/www.facebook.com\/Burrita-Bike-175649685843399\/","article_published_time":"2015-05-19T14:38:22+00:00","og_image":[{"width":960,"height":600,"url":"https:\/\/i0.wp.com\/www.burritabike.com\/wp-content\/uploads\/2015\/05\/wilier-2016.jpg?fit=960%2C600&ssl=1","type":"image\/jpeg"}],"author":"admin","twitter_card":"summary_large_image","twitter_creator":"@burritabike","twitter_site":"@burritabike","twitter_misc":{"Escrito por":"admin","Tiempo de lectura":"2 minutos"},"schema":{"@context":"https:\/\/schema.org","@graph":[{"@type":"Article","@id":"https:\/\/www.burritabike.com\/?p=5952#article","isPartOf":{"@id":"https:\/\/www.burritabike.com\/?p=5952"},"author":{"name":"admin","@id":"https:\/\/www.burritabike.com\/#\/schema\/person\/3563c6efb697f1307a7946094928c14e"},"headline":"ADELANTO 2016 WILIER TRIESTINA","datePublished":"2015-05-19T14:38:22+00:00","dateModified":"2015-05-19T14:38:22+00:00","mainEntityOfPage":{"@id":"https:\/\/www.burritabike.com\/?p=5952"},"wordCount":415,"publisher":{"@id":"https:\/\/www.burritabike.com\/#organization"},"keywords":["2016","503xn","Bicicleta","Bike","cento1sr","novedad","producto","Sevilla","Tecnolog\u00eda","Tendencia","Verano","Wilier"],"articleSection":["Bicicletas","BurritaBike","Productos","Wilier"],"inLanguage":"es"},{"@type":"WebPage","@id":"https:\/\/www.burritabike.com\/?p=5952","url":"https:\/\/www.burritabike.com\/?p=5952","name":"ADELANTO 2016 WILIER TRIESTINA - Burrita Bike Store","isPartOf":{"@id":"https:\/\/www.burritabike.com\/#website"},"datePublished":"2015-05-19T14:38:22+00:00","dateModified":"2015-05-19T14:38:22+00:00","breadcrumb":{"@id":"https:\/\/www.burritabike.com\/?p=5952#breadcrumb"},"inLanguage":"es","potentialAction":[{"@type":"ReadAction","target":["https:\/\/www.burritabike.com\/?p=5952"]}]},{"@type":"BreadcrumbList","@id":"https:\/\/www.burritabike.com\/?p=5952#breadcrumb","itemListElement":[{"@type":"ListItem","position":1,"name":"Portada","item":"https:\/\/www.burritabike.com\/"},{"@type":"ListItem","position":2,"name":"ADELANTO 2016 WILIER TRIESTINA"}]},{"@type":"WebSite","@id":"https:\/\/www.burritabike.com\/#website","url":"https:\/\/www.burritabike.com\/","name":"Burrita Bike Store","description":"Pasi\u00f3n por el Ciclismo","publisher":{"@id":"https:\/\/www.burritabike.com\/#organization"},"potentialAction":[{"@type":"SearchAction","target":{"@type":"EntryPoint","urlTemplate":"https:\/\/www.burritabike.com\/?s={search_term_string}"},"query-input":"required name=search_term_string"}],"inLanguage":"es"},{"@type":"Organization","@id":"https:\/\/www.burritabike.com\/#organization","name":"BURRITA BIKE STORE","url":"https:\/\/www.burritabike.com\/","logo":{"@type":"ImageObject","inLanguage":"es","@id":"https:\/\/www.burritabike.com\/#\/schema\/logo\/image\/","url":"https:\/\/www.burritabike.com\/wp-content\/uploads\/2019\/03\/logo-burrita-completo-con-copyrigth.jpg","contentUrl":"https:\/\/www.burritabike.com\/wp-content\/uploads\/2019\/03\/logo-burrita-completo-con-copyrigth.jpg","width":908,"height":845,"caption":"BURRITA BIKE STORE"},"image":{"@id":"https:\/\/www.burritabike.com\/#\/schema\/logo\/image\/"},"sameAs":["https:\/\/www.instagram.com\/burritabike\/","https:\/\/www.facebook.com\/Burrita-Bike-175649685843399\/","https:\/\/twitter.com\/burritabike"]},{"@type":"Person","@id":"https:\/\/www.burritabike.com\/#\/schema\/person\/3563c6efb697f1307a7946094928c14e","name":"admin","image":{"@type":"ImageObject","inLanguage":"es","@id":"https:\/\/www.burritabike.com\/#\/schema\/person\/image\/","url":"https:\/\/secure.gravatar.com\/avatar\/8c117fef64d37182dd3844dbf7fa1538?s=96&d=mm&r=g","contentUrl":"https:\/\/secure.gravatar.com\/avatar\/8c117fef64d37182dd3844dbf7fa1538?s=96&d=mm&r=g","caption":"admin"}}]}},"_links":{"self":[{"href":"https:\/\/www.burritabike.com\/index.php?rest_route=\/wp\/v2\/posts\/5952"}],"collection":[{"href":"https:\/\/www.burritabike.com\/index.php?rest_route=\/wp\/v2\/posts"}],"about":[{"href":"https:\/\/www.burritabike.com\/index.php?rest_route=\/wp\/v2\/types\/post"}],"author":[{"embeddable":true,"href":"https:\/\/www.burritabike.com\/index.php?rest_route=\/wp\/v2\/users\/1"}],"replies":[{"embeddable":true,"href":"https:\/\/www.burritabike.com\/index.php?rest_route=%2Fwp%2Fv2%2Fcomments&post=5952"}],"version-history":[{"count":1,"href":"https:\/\/www.burritabike.com\/index.php?rest_route=\/wp\/v2\/posts\/5952\/revisions"}],"predecessor-version":[{"id":5956,"href":"https:\/\/www.burritabike.com\/index.php?rest_route=\/wp\/v2\/posts\/5952\/revisions\/5956"}],"wp:featuredmedia":[{"embeddable":true,"href":"https:\/\/www.burritabike.com\/index.php?rest_route=\/wp\/v2\/media\/5955"}],"wp:attachment":[{"href":"https:\/\/www.burritabike.com\/index.php?rest_route=%2Fwp%2Fv2%2Fmedia&parent=5952"}],"wp:term":[{"taxonomy":"category","embeddable":true,"href":"https:\/\/www.burritabike.com\/index.php?rest_route=%2Fwp%2Fv2%2Fcategories&post=5952"},{"taxonomy":"post_tag","embeddable":true,"href":"https:\/\/www.burritabike.com\/index.php?rest_route=%2Fwp%2Fv2%2Ftags&post=5952"}],"curies":[{"name":"wp","href":"https:\/\/api.w.org\/{rel}","templated":true}]}}