{"id":5831,"date":"2015-04-28T15:25:38","date_gmt":"2015-04-28T15:25:38","guid":{"rendered":"http:\/\/www.burritabike.com\/?p=5831"},"modified":"2015-05-13T11:27:19","modified_gmt":"2015-05-13T11:27:19","slug":"ya-esta-aqui-un-ano-mas-apertura-de-inscripciones-xv-ruta-villa-de-paterna-2015-circuito-volkswagen-scott-challenge","status":"publish","type":"post","link":"https:\/\/www.burritabike.com\/?p=5831","title":{"rendered":"Ya est\u00e1 aqu\u00ed un a\u00f1o m\u00e1s: Apertura de inscripciones XV Ruta Villa de Paterna 2015. CIRCUITO VOLKSWAGEN SCOTT CHALLENGE"},"content":{"rendered":"<p>Un a\u00f1o m\u00e1s, podremos participar de la\u00a0XV Ruta Villa de Paterna 2015:<\/p>\n<ul>\n<li>S\u00e1bado 3 de octubre de 2015, 1\u00aa Prueba de Trail Running<\/li>\n<li>Domingo 4 de octubre de 2015, XV Ruta BTT Gran Premio Villa de Paterna.<\/li>\n<\/ul>\n<p>El d\u00eda 1 de Mayo se abrir\u00e1 el plazo de inscripci\u00f3n para ambas pruebas y estar\u00e1 abierto hasta\u00a0el d\u00eda <strong><u>30 de junio o bien hasta que<\/u><\/strong><strong><u>\u00a0se completen<\/u><\/strong><strong><u>\u00a0las plazas previstas por la Organizaci\u00f3n:<\/u><\/strong><\/p>\n<ul>\n<li><strong><u>500 plazas para la prueba de Trail <\/u><\/strong><\/li>\n<li><strong><u>1200 para la Ruta BTT)<\/u><\/strong><\/li>\n<li><strong>Si quedan plazas, desde el 1 de Julio, el precio de inscripci\u00f3n se incrementa en 5 \u20ac.<\/strong><\/li>\n<\/ul>\n<p>Adem\u00e1s ser\u00e1 posible\u00a0\u00a0efectuar cambios de titular desde el d\u00eda 1 hasta el d\u00eda 25 de septiembre, ambos inclusive, siguiendo el procedimiento que oportunamente se publicar\u00e1 al efecto en <a href=\"http:\/\/www.rutasierradepaterna.com\">www.rutasierradepaterna.com<\/a><\/p>\n<p>Los importes de Inscripci\u00f3n son:<\/p>\n<ul>\n<li><strong>IMPORTE INSCRIPCI\u00d3N PRUEBA DE TRAIL<\/strong><strong>\u2026\u2026\u2026\u2026\u2026\u2026\u2026\u2026\u2026\u2026\u2026\u2026..\u00a0\u00a0\u00a0 15 euros<\/strong><\/li>\n<\/ul>\n<p>&nbsp;<\/p>\n<table width=\"77%\">\n<tbody>\n<tr>\n<td width=\"1%\"><\/td>\n<td colspan=\"3\" width=\"54%\"><strong>OPCIONES Y CUOTAS DE INSCRIPCI\u00d3N RUTA BTT<\/strong><\/td>\n<td width=\"0%\"><\/td>\n<td width=\"20%\"><strong>Sin almuerzo<\/strong><\/td>\n<td width=\"20%\"><strong>Con almuerzo<\/strong><\/td>\n<\/tr>\n<tr>\n<td colspan=\"2\" rowspan=\"4\" width=\"21%\"><strong>Federado<\/strong><\/td>\n<td rowspan=\"2\" width=\"18%\"><strong>Sin Maillot<\/strong><\/td>\n<td colspan=\"2\" width=\"17%\"><strong>Sin culotte <\/strong><\/td>\n<td width=\"20%\">15 \u20ac<\/td>\n<td width=\"20%\">20 \u20ac<\/td>\n<\/tr>\n<tr>\n<td colspan=\"2\" width=\"17%\"><strong>Con culotte <\/strong><\/td>\n<td width=\"20%\">37 \u20ac<\/td>\n<td width=\"20%\">42 \u20ac<\/td>\n<\/tr>\n<tr>\n<td rowspan=\"2\" width=\"18%\"><strong>Con Maillot <\/strong><\/td>\n<td colspan=\"2\" width=\"17%\"><strong>Sin culotte <\/strong><\/td>\n<td width=\"20%\">33 \u20ac<\/td>\n<td width=\"20%\">38 \u20ac<\/td>\n<\/tr>\n<tr>\n<td colspan=\"2\" width=\"17%\"><strong>Con culotte <\/strong><\/td>\n<td width=\"20%\">55 \u20ac<\/td>\n<td width=\"20%\">60 \u20ac<\/td>\n<\/tr>\n<tr>\n<td colspan=\"2\" width=\"21%\"><\/td>\n<td width=\"18%\"><\/td>\n<td colspan=\"2\" width=\"17%\"><\/td>\n<td width=\"20%\"><\/td>\n<td width=\"20%\"><\/td>\n<\/tr>\n<tr>\n<td colspan=\"2\" rowspan=\"4\" width=\"21%\"><strong>No federado <\/strong><\/td>\n<td rowspan=\"2\" width=\"18%\"><strong>Sin Maillot<\/strong><\/td>\n<td colspan=\"2\" width=\"17%\"><strong>Sin culotte <\/strong><\/td>\n<td width=\"20%\">25 \u20ac<\/td>\n<td width=\"20%\">30 \u20ac<\/td>\n<\/tr>\n<tr>\n<td colspan=\"2\" width=\"17%\"><strong>Con culotte <\/strong><\/td>\n<td width=\"20%\">47\u20ac<\/td>\n<td width=\"20%\">52 \u20ac<\/td>\n<\/tr>\n<tr>\n<td rowspan=\"2\" width=\"18%\"><strong>Con Maillot<\/strong><\/td>\n<td colspan=\"2\" width=\"17%\"><strong>Sin culotte <\/strong><\/td>\n<td width=\"20%\">43 \u20ac<\/td>\n<td width=\"20%\">48 \u20ac<\/td>\n<\/tr>\n<tr>\n<td colspan=\"2\" width=\"17%\"><strong>Con culotte <\/strong><\/td>\n<td width=\"20%\">65 \u20ac<\/td>\n<td width=\"20%\">70 \u20ac<\/td>\n<\/tr>\n<tr>\n<td width=\"11\"><\/td>\n<td width=\"118\"><\/td>\n<td width=\"107\"><\/td>\n<td width=\"97\"><\/td>\n<td width=\"7\"><\/td>\n<td width=\"120\"><\/td>\n<td width=\"121\"><\/td>\n<\/tr>\n<\/tbody>\n<\/table>\n<p><strong><u>ATENCI\u00d3N<\/u><\/strong><strong>.- Si quedan plazas, la cuota, se incrementar\u00e1 en 5 euros a partir del 1 de Julio<\/strong><\/p>\n<p>Dispon\u00e9is de toda la informaci\u00f3n necesaria en el siguiente enlace:\u00a0<a href=\"http:\/\/www.rutasierradepaterna.com\">www.rutasierradepaterna.com<\/a>.<\/p>\n<p>No lo dudes y an\u00edmate a participar!<\/p>\n<p><a href=\"http:\/\/www.burritabike.com\/wp-content\/uploads\/2015\/04\/alvaro-paterna-2014.jpg\"><img decoding=\"async\" loading=\"lazy\" class=\"aligncenter size-medium wp-image-5832\" src=\"http:\/\/www.burritabike.com\/wp-content\/uploads\/2015\/04\/alvaro-paterna-2014-253x300.jpg\" alt=\"alvaro paterna 2014\" width=\"253\" height=\"300\" srcset=\"https:\/\/www.burritabike.com\/wp-content\/uploads\/2015\/04\/alvaro-paterna-2014-253x300.jpg 253w, https:\/\/www.burritabike.com\/wp-content\/uploads\/2015\/04\/alvaro-paterna-2014.jpg 606w\" sizes=\"(max-width: 253px) 100vw, 253px\" \/><\/a><\/p>\n<p>&nbsp;<\/p>\n","protected":false},"excerpt":{"rendered":"<p>Un a\u00f1o m\u00e1s, podremos participar de la\u00a0XV Ruta Villa de Paterna 2015: S\u00e1bado 3 de octubre de 2015, 1\u00aa Prueba de Trail Running Domingo 4 de octubre de 2015, XV Ruta BTT Gran Premio Villa de Paterna. El d\u00eda 1 de Mayo se abrir\u00e1 el plazo de inscripci\u00f3n para ambas pruebas y estar\u00e1 abierto hasta\u00a0el [&hellip;]<\/p>\n","protected":false},"author":1,"featured_media":5834,"comment_status":"closed","ping_status":"open","sticky":false,"template":"","format":"standard","meta":{"_mi_skip_tracking":false,"_themeisle_gutenberg_block_has_review":false,"jetpack_publicize_message":"","jetpack_is_tweetstorm":false,"jetpack_publicize_feature_enabled":true,"jetpack_social_post_already_shared":false,"jetpack_social_options":[]},"categories":[41,6,4],"tags":[121,120,122],"jetpack_publicize_connections":[],"yoast_head":"<!-- This site is optimized with the Yoast SEO plugin v19.14 - https:\/\/yoast.com\/wordpress\/plugins\/seo\/ -->\n<title>Ya est\u00e1 aqu\u00ed un a\u00f1o m\u00e1s: Apertura de inscripciones XV Ruta Villa de Paterna 2015. CIRCUITO VOLKSWAGEN SCOTT CHALLENGE - Burrita Bike Store<\/title>\n<meta name=\"robots\" content=\"index, follow, max-snippet:-1, max-image-preview:large, max-video-preview:-1\" \/>\n<link rel=\"canonical\" href=\"https:\/\/www.burritabike.com\/?p=5831\" \/>\n<meta property=\"og:locale\" content=\"es_ES\" \/>\n<meta property=\"og:type\" content=\"article\" \/>\n<meta property=\"og:title\" content=\"Ya est\u00e1 aqu\u00ed un a\u00f1o m\u00e1s: Apertura de inscripciones XV Ruta Villa de Paterna 2015. CIRCUITO VOLKSWAGEN SCOTT CHALLENGE - Burrita Bike Store\" \/>\n<meta property=\"og:description\" content=\"Un a\u00f1o m\u00e1s, podremos participar de la\u00a0XV Ruta Villa de Paterna 2015: S\u00e1bado 3 de octubre de 2015, 1\u00aa Prueba de Trail Running Domingo 4 de octubre de 2015, XV Ruta BTT Gran Premio Villa de Paterna. El d\u00eda 1 de Mayo se abrir\u00e1 el plazo de inscripci\u00f3n para ambas pruebas y estar\u00e1 abierto hasta\u00a0el [&hellip;]\" \/>\n<meta property=\"og:url\" content=\"https:\/\/www.burritabike.com\/?p=5831\" \/>\n<meta property=\"og:site_name\" content=\"Burrita Bike Store\" \/>\n<meta property=\"article:publisher\" content=\"https:\/\/www.facebook.com\/Burrita-Bike-175649685843399\/\" \/>\n<meta property=\"article:published_time\" content=\"2015-04-28T15:25:38+00:00\" \/>\n<meta property=\"article:modified_time\" content=\"2015-05-13T11:27:19+00:00\" \/>\n<meta property=\"og:image\" content=\"https:\/\/i0.wp.com\/www.burritabike.com\/wp-content\/uploads\/2015\/04\/salidaneutralizada.jpg?fit=600%2C790&ssl=1\" \/>\n\t<meta property=\"og:image:width\" content=\"600\" \/>\n\t<meta property=\"og:image:height\" content=\"790\" \/>\n\t<meta property=\"og:image:type\" content=\"image\/jpeg\" \/>\n<meta name=\"author\" content=\"admin\" \/>\n<meta name=\"twitter:card\" content=\"summary_large_image\" \/>\n<meta name=\"twitter:creator\" content=\"@burritabike\" \/>\n<meta name=\"twitter:site\" content=\"@burritabike\" \/>\n<meta name=\"twitter:label1\" content=\"Escrito por\" \/>\n\t<meta name=\"twitter:data1\" content=\"admin\" \/>\n\t<meta name=\"twitter:label2\" content=\"Tiempo de lectura\" \/>\n\t<meta name=\"twitter:data2\" content=\"1 minuto\" \/>\n<script type=\"application\/ld+json\" class=\"yoast-schema-graph\">{\"@context\":\"https:\/\/schema.org\",\"@graph\":[{\"@type\":\"Article\",\"@id\":\"https:\/\/www.burritabike.com\/?p=5831#article\",\"isPartOf\":{\"@id\":\"https:\/\/www.burritabike.com\/?p=5831\"},\"author\":{\"name\":\"admin\",\"@id\":\"https:\/\/www.burritabike.com\/#\/schema\/person\/3563c6efb697f1307a7946094928c14e\"},\"headline\":\"Ya est\u00e1 aqu\u00ed un a\u00f1o m\u00e1s: Apertura de inscripciones XV Ruta Villa de Paterna 2015. CIRCUITO VOLKSWAGEN SCOTT CHALLENGE\",\"datePublished\":\"2015-04-28T15:25:38+00:00\",\"dateModified\":\"2015-05-13T11:27:19+00:00\",\"mainEntityOfPage\":{\"@id\":\"https:\/\/www.burritabike.com\/?p=5831\"},\"wordCount\":244,\"publisher\":{\"@id\":\"https:\/\/www.burritabike.com\/#organization\"},\"keywords\":[\"Bicicleta\",\"Carrera\",\"Competici\u00f3n\"],\"articleSection\":[\"BurritaBike\",\"Competiciones\",\"Eventos\"],\"inLanguage\":\"es\"},{\"@type\":\"WebPage\",\"@id\":\"https:\/\/www.burritabike.com\/?p=5831\",\"url\":\"https:\/\/www.burritabike.com\/?p=5831\",\"name\":\"Ya est\u00e1 aqu\u00ed un a\u00f1o m\u00e1s: Apertura de inscripciones XV Ruta Villa de Paterna 2015. CIRCUITO VOLKSWAGEN SCOTT CHALLENGE - Burrita Bike Store\",\"isPartOf\":{\"@id\":\"https:\/\/www.burritabike.com\/#website\"},\"datePublished\":\"2015-04-28T15:25:38+00:00\",\"dateModified\":\"2015-05-13T11:27:19+00:00\",\"breadcrumb\":{\"@id\":\"https:\/\/www.burritabike.com\/?p=5831#breadcrumb\"},\"inLanguage\":\"es\",\"potentialAction\":[{\"@type\":\"ReadAction\",\"target\":[\"https:\/\/www.burritabike.com\/?p=5831\"]}]},{\"@type\":\"BreadcrumbList\",\"@id\":\"https:\/\/www.burritabike.com\/?p=5831#breadcrumb\",\"itemListElement\":[{\"@type\":\"ListItem\",\"position\":1,\"name\":\"Portada\",\"item\":\"https:\/\/www.burritabike.com\/\"},{\"@type\":\"ListItem\",\"position\":2,\"name\":\"Ya est\u00e1 aqu\u00ed un a\u00f1o m\u00e1s: Apertura de inscripciones XV Ruta Villa de Paterna 2015. CIRCUITO VOLKSWAGEN SCOTT CHALLENGE\"}]},{\"@type\":\"WebSite\",\"@id\":\"https:\/\/www.burritabike.com\/#website\",\"url\":\"https:\/\/www.burritabike.com\/\",\"name\":\"Burrita Bike Store\",\"description\":\"Pasi\u00f3n por el Ciclismo\",\"publisher\":{\"@id\":\"https:\/\/www.burritabike.com\/#organization\"},\"potentialAction\":[{\"@type\":\"SearchAction\",\"target\":{\"@type\":\"EntryPoint\",\"urlTemplate\":\"https:\/\/www.burritabike.com\/?s={search_term_string}\"},\"query-input\":\"required name=search_term_string\"}],\"inLanguage\":\"es\"},{\"@type\":\"Organization\",\"@id\":\"https:\/\/www.burritabike.com\/#organization\",\"name\":\"BURRITA BIKE STORE\",\"url\":\"https:\/\/www.burritabike.com\/\",\"logo\":{\"@type\":\"ImageObject\",\"inLanguage\":\"es\",\"@id\":\"https:\/\/www.burritabike.com\/#\/schema\/logo\/image\/\",\"url\":\"https:\/\/www.burritabike.com\/wp-content\/uploads\/2019\/03\/logo-burrita-completo-con-copyrigth.jpg\",\"contentUrl\":\"https:\/\/www.burritabike.com\/wp-content\/uploads\/2019\/03\/logo-burrita-completo-con-copyrigth.jpg\",\"width\":908,\"height\":845,\"caption\":\"BURRITA BIKE STORE\"},\"image\":{\"@id\":\"https:\/\/www.burritabike.com\/#\/schema\/logo\/image\/\"},\"sameAs\":[\"https:\/\/www.instagram.com\/burritabike\/\",\"https:\/\/www.facebook.com\/Burrita-Bike-175649685843399\/\",\"https:\/\/twitter.com\/burritabike\"]},{\"@type\":\"Person\",\"@id\":\"https:\/\/www.burritabike.com\/#\/schema\/person\/3563c6efb697f1307a7946094928c14e\",\"name\":\"admin\",\"image\":{\"@type\":\"ImageObject\",\"inLanguage\":\"es\",\"@id\":\"https:\/\/www.burritabike.com\/#\/schema\/person\/image\/\",\"url\":\"https:\/\/secure.gravatar.com\/avatar\/8c117fef64d37182dd3844dbf7fa1538?s=96&d=mm&r=g\",\"contentUrl\":\"https:\/\/secure.gravatar.com\/avatar\/8c117fef64d37182dd3844dbf7fa1538?s=96&d=mm&r=g\",\"caption\":\"admin\"}}]}<\/script>\n<!-- \/ Yoast SEO plugin. -->","yoast_head_json":{"title":"Ya est\u00e1 aqu\u00ed un a\u00f1o m\u00e1s: Apertura de inscripciones XV Ruta Villa de Paterna 2015. CIRCUITO VOLKSWAGEN SCOTT CHALLENGE - Burrita Bike Store","robots":{"index":"index","follow":"follow","max-snippet":"max-snippet:-1","max-image-preview":"max-image-preview:large","max-video-preview":"max-video-preview:-1"},"canonical":"https:\/\/www.burritabike.com\/?p=5831","og_locale":"es_ES","og_type":"article","og_title":"Ya est\u00e1 aqu\u00ed un a\u00f1o m\u00e1s: Apertura de inscripciones XV Ruta Villa de Paterna 2015. CIRCUITO VOLKSWAGEN SCOTT CHALLENGE - Burrita Bike Store","og_description":"Un a\u00f1o m\u00e1s, podremos participar de la\u00a0XV Ruta Villa de Paterna 2015: S\u00e1bado 3 de octubre de 2015, 1\u00aa Prueba de Trail Running Domingo 4 de octubre de 2015, XV Ruta BTT Gran Premio Villa de Paterna. El d\u00eda 1 de Mayo se abrir\u00e1 el plazo de inscripci\u00f3n para ambas pruebas y estar\u00e1 abierto hasta\u00a0el [&hellip;]","og_url":"https:\/\/www.burritabike.com\/?p=5831","og_site_name":"Burrita Bike Store","article_publisher":"https:\/\/www.facebook.com\/Burrita-Bike-175649685843399\/","article_published_time":"2015-04-28T15:25:38+00:00","article_modified_time":"2015-05-13T11:27:19+00:00","og_image":[{"width":600,"height":790,"url":"https:\/\/i0.wp.com\/www.burritabike.com\/wp-content\/uploads\/2015\/04\/salidaneutralizada.jpg?fit=600%2C790&ssl=1","type":"image\/jpeg"}],"author":"admin","twitter_card":"summary_large_image","twitter_creator":"@burritabike","twitter_site":"@burritabike","twitter_misc":{"Escrito por":"admin","Tiempo de lectura":"1 minuto"},"schema":{"@context":"https:\/\/schema.org","@graph":[{"@type":"Article","@id":"https:\/\/www.burritabike.com\/?p=5831#article","isPartOf":{"@id":"https:\/\/www.burritabike.com\/?p=5831"},"author":{"name":"admin","@id":"https:\/\/www.burritabike.com\/#\/schema\/person\/3563c6efb697f1307a7946094928c14e"},"headline":"Ya est\u00e1 aqu\u00ed un a\u00f1o m\u00e1s: Apertura de inscripciones XV Ruta Villa de Paterna 2015. CIRCUITO VOLKSWAGEN SCOTT CHALLENGE","datePublished":"2015-04-28T15:25:38+00:00","dateModified":"2015-05-13T11:27:19+00:00","mainEntityOfPage":{"@id":"https:\/\/www.burritabike.com\/?p=5831"},"wordCount":244,"publisher":{"@id":"https:\/\/www.burritabike.com\/#organization"},"keywords":["Bicicleta","Carrera","Competici\u00f3n"],"articleSection":["BurritaBike","Competiciones","Eventos"],"inLanguage":"es"},{"@type":"WebPage","@id":"https:\/\/www.burritabike.com\/?p=5831","url":"https:\/\/www.burritabike.com\/?p=5831","name":"Ya est\u00e1 aqu\u00ed un a\u00f1o m\u00e1s: Apertura de inscripciones XV Ruta Villa de Paterna 2015. CIRCUITO VOLKSWAGEN SCOTT CHALLENGE - Burrita Bike Store","isPartOf":{"@id":"https:\/\/www.burritabike.com\/#website"},"datePublished":"2015-04-28T15:25:38+00:00","dateModified":"2015-05-13T11:27:19+00:00","breadcrumb":{"@id":"https:\/\/www.burritabike.com\/?p=5831#breadcrumb"},"inLanguage":"es","potentialAction":[{"@type":"ReadAction","target":["https:\/\/www.burritabike.com\/?p=5831"]}]},{"@type":"BreadcrumbList","@id":"https:\/\/www.burritabike.com\/?p=5831#breadcrumb","itemListElement":[{"@type":"ListItem","position":1,"name":"Portada","item":"https:\/\/www.burritabike.com\/"},{"@type":"ListItem","position":2,"name":"Ya est\u00e1 aqu\u00ed un a\u00f1o m\u00e1s: Apertura de inscripciones XV Ruta Villa de Paterna 2015. CIRCUITO VOLKSWAGEN SCOTT CHALLENGE"}]},{"@type":"WebSite","@id":"https:\/\/www.burritabike.com\/#website","url":"https:\/\/www.burritabike.com\/","name":"Burrita Bike Store","description":"Pasi\u00f3n por el Ciclismo","publisher":{"@id":"https:\/\/www.burritabike.com\/#organization"},"potentialAction":[{"@type":"SearchAction","target":{"@type":"EntryPoint","urlTemplate":"https:\/\/www.burritabike.com\/?s={search_term_string}"},"query-input":"required name=search_term_string"}],"inLanguage":"es"},{"@type":"Organization","@id":"https:\/\/www.burritabike.com\/#organization","name":"BURRITA BIKE STORE","url":"https:\/\/www.burritabike.com\/","logo":{"@type":"ImageObject","inLanguage":"es","@id":"https:\/\/www.burritabike.com\/#\/schema\/logo\/image\/","url":"https:\/\/www.burritabike.com\/wp-content\/uploads\/2019\/03\/logo-burrita-completo-con-copyrigth.jpg","contentUrl":"https:\/\/www.burritabike.com\/wp-content\/uploads\/2019\/03\/logo-burrita-completo-con-copyrigth.jpg","width":908,"height":845,"caption":"BURRITA BIKE STORE"},"image":{"@id":"https:\/\/www.burritabike.com\/#\/schema\/logo\/image\/"},"sameAs":["https:\/\/www.instagram.com\/burritabike\/","https:\/\/www.facebook.com\/Burrita-Bike-175649685843399\/","https:\/\/twitter.com\/burritabike"]},{"@type":"Person","@id":"https:\/\/www.burritabike.com\/#\/schema\/person\/3563c6efb697f1307a7946094928c14e","name":"admin","image":{"@type":"ImageObject","inLanguage":"es","@id":"https:\/\/www.burritabike.com\/#\/schema\/person\/image\/","url":"https:\/\/secure.gravatar.com\/avatar\/8c117fef64d37182dd3844dbf7fa1538?s=96&d=mm&r=g","contentUrl":"https:\/\/secure.gravatar.com\/avatar\/8c117fef64d37182dd3844dbf7fa1538?s=96&d=mm&r=g","caption":"admin"}}]}},"_links":{"self":[{"href":"https:\/\/www.burritabike.com\/index.php?rest_route=\/wp\/v2\/posts\/5831"}],"collection":[{"href":"https:\/\/www.burritabike.com\/index.php?rest_route=\/wp\/v2\/posts"}],"about":[{"href":"https:\/\/www.burritabike.com\/index.php?rest_route=\/wp\/v2\/types\/post"}],"author":[{"embeddable":true,"href":"https:\/\/www.burritabike.com\/index.php?rest_route=\/wp\/v2\/users\/1"}],"replies":[{"embeddable":true,"href":"https:\/\/www.burritabike.com\/index.php?rest_route=%2Fwp%2Fv2%2Fcomments&post=5831"}],"version-history":[{"count":1,"href":"https:\/\/www.burritabike.com\/index.php?rest_route=\/wp\/v2\/posts\/5831\/revisions"}],"predecessor-version":[{"id":5833,"href":"https:\/\/www.burritabike.com\/index.php?rest_route=\/wp\/v2\/posts\/5831\/revisions\/5833"}],"wp:featuredmedia":[{"embeddable":true,"href":"https:\/\/www.burritabike.com\/index.php?rest_route=\/wp\/v2\/media\/5834"}],"wp:attachment":[{"href":"https:\/\/www.burritabike.com\/index.php?rest_route=%2Fwp%2Fv2%2Fmedia&parent=5831"}],"wp:term":[{"taxonomy":"category","embeddable":true,"href":"https:\/\/www.burritabike.com\/index.php?rest_route=%2Fwp%2Fv2%2Fcategories&post=5831"},{"taxonomy":"post_tag","embeddable":true,"href":"https:\/\/www.burritabike.com\/index.php?rest_route=%2Fwp%2Fv2%2Ftags&post=5831"}],"curies":[{"name":"wp","href":"https:\/\/api.w.org\/{rel}","templated":true}]}}