{"id":5338,"date":"2015-03-21T12:00:52","date_gmt":"2015-03-21T12:00:52","guid":{"rendered":"http:\/\/www.burritabike.com\/?p=5338"},"modified":"2015-05-13T11:29:32","modified_gmt":"2015-05-13T11:29:32","slug":"the-story-of-wilier-triestina","status":"publish","type":"post","link":"https:\/\/www.burritabike.com\/?p=5338","title":{"rendered":"The story of Wilier Triestina"},"content":{"rendered":"<p><a href=\"http:\/\/www.burritabike.com\/wp-content\/uploads\/2015\/03\/SLIDER-The-Story-of-Wilier-Triestina1.jpg\"><img decoding=\"async\" loading=\"lazy\" class=\"aligncenter size-medium wp-image-5335\" src=\"http:\/\/www.burritabike.com\/wp-content\/uploads\/2015\/03\/SLIDER-The-Story-of-Wilier-Triestina1-300x109.jpg\" alt=\"SLIDER The Story of Wilier Triestina\" width=\"300\" height=\"109\" srcset=\"https:\/\/www.burritabike.com\/wp-content\/uploads\/2015\/03\/SLIDER-The-Story-of-Wilier-Triestina1-300x109.jpg 300w, https:\/\/www.burritabike.com\/wp-content\/uploads\/2015\/03\/SLIDER-The-Story-of-Wilier-Triestina1.jpg 960w\" sizes=\"(max-width: 300px) 100vw, 300px\" \/><\/a><\/p>\n<p>&nbsp;<\/p>\n<p>&nbsp;<\/p>\n<p><span class=\"ft\">Los que poseemos una \u00a0<em>Wilier Triestina<\/em> sabemos que no elegimos \u00a0cualquier bicicleta.\u00a0<\/span>Sabemos que el s\u00edmbolo de la alabarda es parte de <em>la historia<\/em> del ciclismo<wbr \/>, una historia de m\u00e1s de un siglo.<\/p>\n<p>Conoce la Historia de Wilier Triestina haciendo <a title=\"The story of Wilier Triestina\" href=\"https:\/\/www.youtube.com\/watch?v=LouaiEE8FU0\">clic<\/a>k aqu\u00ed:<\/p>\n<p>&nbsp;<\/p>\n<p>&nbsp;<\/p>\n","protected":false},"excerpt":{"rendered":"<p>&nbsp; &nbsp; Los que poseemos una \u00a0Wilier Triestina sabemos que no elegimos \u00a0cualquier bicicleta.\u00a0Sabemos que el s\u00edmbolo de la alabarda es parte de la historia del ciclismo, una historia de m\u00e1s de un siglo. Conoce la Historia de Wilier Triestina haciendo click aqu\u00ed: &nbsp; &nbsp;<\/p>\n","protected":false},"author":1,"featured_media":5339,"comment_status":"closed","ping_status":"open","sticky":false,"template":"","format":"video","meta":{"_mi_skip_tracking":false,"_themeisle_gutenberg_block_has_review":false,"jetpack_publicize_message":"","jetpack_is_tweetstorm":false,"jetpack_publicize_feature_enabled":true,"jetpack_social_post_already_shared":false,"jetpack_social_options":[]},"categories":[41,40],"tags":[121,120,123,122,126,124,125,129],"jetpack_publicize_connections":[],"yoast_head":"<!-- This site is optimized with the Yoast SEO plugin v19.14 - https:\/\/yoast.com\/wordpress\/plugins\/seo\/ -->\n<title>The story of Wilier Triestina - Burrita Bike Store<\/title>\n<meta name=\"robots\" content=\"index, follow, max-snippet:-1, max-image-preview:large, max-video-preview:-1\" \/>\n<link rel=\"canonical\" href=\"https:\/\/www.burritabike.com\/?p=5338\" \/>\n<meta property=\"og:locale\" content=\"es_ES\" \/>\n<meta property=\"og:type\" content=\"article\" \/>\n<meta property=\"og:title\" content=\"The story of Wilier Triestina - Burrita Bike Store\" \/>\n<meta property=\"og:description\" content=\"&nbsp; &nbsp; Los que poseemos una \u00a0Wilier Triestina sabemos que no elegimos \u00a0cualquier bicicleta.\u00a0Sabemos que el s\u00edmbolo de la alabarda es parte de la historia del ciclismo, una historia de m\u00e1s de un siglo. Conoce la Historia de Wilier Triestina haciendo click aqu\u00ed: &nbsp; &nbsp;\" \/>\n<meta property=\"og:url\" content=\"https:\/\/www.burritabike.com\/?p=5338\" \/>\n<meta property=\"og:site_name\" content=\"Burrita Bike Store\" \/>\n<meta property=\"article:publisher\" content=\"https:\/\/www.facebook.com\/Burrita-Bike-175649685843399\/\" \/>\n<meta property=\"article:published_time\" content=\"2015-03-21T12:00:52+00:00\" \/>\n<meta property=\"article:modified_time\" content=\"2015-05-13T11:29:32+00:00\" \/>\n<meta property=\"og:image\" content=\"https:\/\/i0.wp.com\/www.burritabike.com\/wp-content\/uploads\/2015\/03\/SLIDER-The-Story-of-Wilier-Triestina2.jpg?fit=960%2C350&ssl=1\" \/>\n\t<meta property=\"og:image:width\" content=\"960\" \/>\n\t<meta property=\"og:image:height\" content=\"350\" \/>\n\t<meta property=\"og:image:type\" content=\"image\/jpeg\" \/>\n<meta name=\"author\" content=\"admin\" \/>\n<meta name=\"twitter:card\" content=\"summary_large_image\" \/>\n<meta name=\"twitter:creator\" content=\"@burritabike\" \/>\n<meta name=\"twitter:site\" content=\"@burritabike\" \/>\n<meta name=\"twitter:label1\" content=\"Escrito por\" \/>\n\t<meta name=\"twitter:data1\" content=\"admin\" \/>\n<script type=\"application\/ld+json\" class=\"yoast-schema-graph\">{\"@context\":\"https:\/\/schema.org\",\"@graph\":[{\"@type\":\"Article\",\"@id\":\"https:\/\/www.burritabike.com\/?p=5338#article\",\"isPartOf\":{\"@id\":\"https:\/\/www.burritabike.com\/?p=5338\"},\"author\":{\"name\":\"admin\",\"@id\":\"https:\/\/www.burritabike.com\/#\/schema\/person\/3563c6efb697f1307a7946094928c14e\"},\"headline\":\"The story of Wilier Triestina\",\"datePublished\":\"2015-03-21T12:00:52+00:00\",\"dateModified\":\"2015-05-13T11:29:32+00:00\",\"mainEntityOfPage\":{\"@id\":\"https:\/\/www.burritabike.com\/?p=5338\"},\"wordCount\":53,\"publisher\":{\"@id\":\"https:\/\/www.burritabike.com\/#organization\"},\"keywords\":[\"Bicicleta\",\"Carrera\",\"Ciclismo\",\"Competici\u00f3n\",\"Equipo\",\"Tendencia\",\"Verano\",\"Wilier\"],\"articleSection\":[\"BurritaBike\",\"Wilier\"],\"inLanguage\":\"es\"},{\"@type\":\"WebPage\",\"@id\":\"https:\/\/www.burritabike.com\/?p=5338\",\"url\":\"https:\/\/www.burritabike.com\/?p=5338\",\"name\":\"The story of Wilier Triestina - Burrita Bike Store\",\"isPartOf\":{\"@id\":\"https:\/\/www.burritabike.com\/#website\"},\"datePublished\":\"2015-03-21T12:00:52+00:00\",\"dateModified\":\"2015-05-13T11:29:32+00:00\",\"breadcrumb\":{\"@id\":\"https:\/\/www.burritabike.com\/?p=5338#breadcrumb\"},\"inLanguage\":\"es\",\"potentialAction\":[{\"@type\":\"ReadAction\",\"target\":[\"https:\/\/www.burritabike.com\/?p=5338\"]}]},{\"@type\":\"BreadcrumbList\",\"@id\":\"https:\/\/www.burritabike.com\/?p=5338#breadcrumb\",\"itemListElement\":[{\"@type\":\"ListItem\",\"position\":1,\"name\":\"Portada\",\"item\":\"https:\/\/www.burritabike.com\/\"},{\"@type\":\"ListItem\",\"position\":2,\"name\":\"The story of Wilier Triestina\"}]},{\"@type\":\"WebSite\",\"@id\":\"https:\/\/www.burritabike.com\/#website\",\"url\":\"https:\/\/www.burritabike.com\/\",\"name\":\"Burrita Bike Store\",\"description\":\"Pasi\u00f3n por el Ciclismo\",\"publisher\":{\"@id\":\"https:\/\/www.burritabike.com\/#organization\"},\"potentialAction\":[{\"@type\":\"SearchAction\",\"target\":{\"@type\":\"EntryPoint\",\"urlTemplate\":\"https:\/\/www.burritabike.com\/?s={search_term_string}\"},\"query-input\":\"required name=search_term_string\"}],\"inLanguage\":\"es\"},{\"@type\":\"Organization\",\"@id\":\"https:\/\/www.burritabike.com\/#organization\",\"name\":\"BURRITA BIKE STORE\",\"url\":\"https:\/\/www.burritabike.com\/\",\"logo\":{\"@type\":\"ImageObject\",\"inLanguage\":\"es\",\"@id\":\"https:\/\/www.burritabike.com\/#\/schema\/logo\/image\/\",\"url\":\"https:\/\/www.burritabike.com\/wp-content\/uploads\/2019\/03\/logo-burrita-completo-con-copyrigth.jpg\",\"contentUrl\":\"https:\/\/www.burritabike.com\/wp-content\/uploads\/2019\/03\/logo-burrita-completo-con-copyrigth.jpg\",\"width\":908,\"height\":845,\"caption\":\"BURRITA BIKE STORE\"},\"image\":{\"@id\":\"https:\/\/www.burritabike.com\/#\/schema\/logo\/image\/\"},\"sameAs\":[\"https:\/\/www.instagram.com\/burritabike\/\",\"https:\/\/www.facebook.com\/Burrita-Bike-175649685843399\/\",\"https:\/\/twitter.com\/burritabike\"]},{\"@type\":\"Person\",\"@id\":\"https:\/\/www.burritabike.com\/#\/schema\/person\/3563c6efb697f1307a7946094928c14e\",\"name\":\"admin\",\"image\":{\"@type\":\"ImageObject\",\"inLanguage\":\"es\",\"@id\":\"https:\/\/www.burritabike.com\/#\/schema\/person\/image\/\",\"url\":\"https:\/\/secure.gravatar.com\/avatar\/8c117fef64d37182dd3844dbf7fa1538?s=96&d=mm&r=g\",\"contentUrl\":\"https:\/\/secure.gravatar.com\/avatar\/8c117fef64d37182dd3844dbf7fa1538?s=96&d=mm&r=g\",\"caption\":\"admin\"}}]}<\/script>\n<!-- \/ Yoast SEO plugin. -->","yoast_head_json":{"title":"The story of Wilier Triestina - Burrita Bike Store","robots":{"index":"index","follow":"follow","max-snippet":"max-snippet:-1","max-image-preview":"max-image-preview:large","max-video-preview":"max-video-preview:-1"},"canonical":"https:\/\/www.burritabike.com\/?p=5338","og_locale":"es_ES","og_type":"article","og_title":"The story of Wilier Triestina - Burrita Bike Store","og_description":"&nbsp; &nbsp; Los que poseemos una \u00a0Wilier Triestina sabemos que no elegimos \u00a0cualquier bicicleta.\u00a0Sabemos que el s\u00edmbolo de la alabarda es parte de la historia del ciclismo, una historia de m\u00e1s de un siglo. Conoce la Historia de Wilier Triestina haciendo click aqu\u00ed: &nbsp; &nbsp;","og_url":"https:\/\/www.burritabike.com\/?p=5338","og_site_name":"Burrita Bike Store","article_publisher":"https:\/\/www.facebook.com\/Burrita-Bike-175649685843399\/","article_published_time":"2015-03-21T12:00:52+00:00","article_modified_time":"2015-05-13T11:29:32+00:00","og_image":[{"width":960,"height":350,"url":"https:\/\/i0.wp.com\/www.burritabike.com\/wp-content\/uploads\/2015\/03\/SLIDER-The-Story-of-Wilier-Triestina2.jpg?fit=960%2C350&ssl=1","type":"image\/jpeg"}],"author":"admin","twitter_card":"summary_large_image","twitter_creator":"@burritabike","twitter_site":"@burritabike","twitter_misc":{"Escrito por":"admin"},"schema":{"@context":"https:\/\/schema.org","@graph":[{"@type":"Article","@id":"https:\/\/www.burritabike.com\/?p=5338#article","isPartOf":{"@id":"https:\/\/www.burritabike.com\/?p=5338"},"author":{"name":"admin","@id":"https:\/\/www.burritabike.com\/#\/schema\/person\/3563c6efb697f1307a7946094928c14e"},"headline":"The story of Wilier Triestina","datePublished":"2015-03-21T12:00:52+00:00","dateModified":"2015-05-13T11:29:32+00:00","mainEntityOfPage":{"@id":"https:\/\/www.burritabike.com\/?p=5338"},"wordCount":53,"publisher":{"@id":"https:\/\/www.burritabike.com\/#organization"},"keywords":["Bicicleta","Carrera","Ciclismo","Competici\u00f3n","Equipo","Tendencia","Verano","Wilier"],"articleSection":["BurritaBike","Wilier"],"inLanguage":"es"},{"@type":"WebPage","@id":"https:\/\/www.burritabike.com\/?p=5338","url":"https:\/\/www.burritabike.com\/?p=5338","name":"The story of Wilier Triestina - Burrita Bike Store","isPartOf":{"@id":"https:\/\/www.burritabike.com\/#website"},"datePublished":"2015-03-21T12:00:52+00:00","dateModified":"2015-05-13T11:29:32+00:00","breadcrumb":{"@id":"https:\/\/www.burritabike.com\/?p=5338#breadcrumb"},"inLanguage":"es","potentialAction":[{"@type":"ReadAction","target":["https:\/\/www.burritabike.com\/?p=5338"]}]},{"@type":"BreadcrumbList","@id":"https:\/\/www.burritabike.com\/?p=5338#breadcrumb","itemListElement":[{"@type":"ListItem","position":1,"name":"Portada","item":"https:\/\/www.burritabike.com\/"},{"@type":"ListItem","position":2,"name":"The story of Wilier Triestina"}]},{"@type":"WebSite","@id":"https:\/\/www.burritabike.com\/#website","url":"https:\/\/www.burritabike.com\/","name":"Burrita Bike Store","description":"Pasi\u00f3n por el Ciclismo","publisher":{"@id":"https:\/\/www.burritabike.com\/#organization"},"potentialAction":[{"@type":"SearchAction","target":{"@type":"EntryPoint","urlTemplate":"https:\/\/www.burritabike.com\/?s={search_term_string}"},"query-input":"required name=search_term_string"}],"inLanguage":"es"},{"@type":"Organization","@id":"https:\/\/www.burritabike.com\/#organization","name":"BURRITA BIKE STORE","url":"https:\/\/www.burritabike.com\/","logo":{"@type":"ImageObject","inLanguage":"es","@id":"https:\/\/www.burritabike.com\/#\/schema\/logo\/image\/","url":"https:\/\/www.burritabike.com\/wp-content\/uploads\/2019\/03\/logo-burrita-completo-con-copyrigth.jpg","contentUrl":"https:\/\/www.burritabike.com\/wp-content\/uploads\/2019\/03\/logo-burrita-completo-con-copyrigth.jpg","width":908,"height":845,"caption":"BURRITA BIKE STORE"},"image":{"@id":"https:\/\/www.burritabike.com\/#\/schema\/logo\/image\/"},"sameAs":["https:\/\/www.instagram.com\/burritabike\/","https:\/\/www.facebook.com\/Burrita-Bike-175649685843399\/","https:\/\/twitter.com\/burritabike"]},{"@type":"Person","@id":"https:\/\/www.burritabike.com\/#\/schema\/person\/3563c6efb697f1307a7946094928c14e","name":"admin","image":{"@type":"ImageObject","inLanguage":"es","@id":"https:\/\/www.burritabike.com\/#\/schema\/person\/image\/","url":"https:\/\/secure.gravatar.com\/avatar\/8c117fef64d37182dd3844dbf7fa1538?s=96&d=mm&r=g","contentUrl":"https:\/\/secure.gravatar.com\/avatar\/8c117fef64d37182dd3844dbf7fa1538?s=96&d=mm&r=g","caption":"admin"}}]}},"_links":{"self":[{"href":"https:\/\/www.burritabike.com\/index.php?rest_route=\/wp\/v2\/posts\/5338"}],"collection":[{"href":"https:\/\/www.burritabike.com\/index.php?rest_route=\/wp\/v2\/posts"}],"about":[{"href":"https:\/\/www.burritabike.com\/index.php?rest_route=\/wp\/v2\/types\/post"}],"author":[{"embeddable":true,"href":"https:\/\/www.burritabike.com\/index.php?rest_route=\/wp\/v2\/users\/1"}],"replies":[{"embeddable":true,"href":"https:\/\/www.burritabike.com\/index.php?rest_route=%2Fwp%2Fv2%2Fcomments&post=5338"}],"version-history":[{"count":3,"href":"https:\/\/www.burritabike.com\/index.php?rest_route=\/wp\/v2\/posts\/5338\/revisions"}],"predecessor-version":[{"id":5341,"href":"https:\/\/www.burritabike.com\/index.php?rest_route=\/wp\/v2\/posts\/5338\/revisions\/5341"}],"wp:featuredmedia":[{"embeddable":true,"href":"https:\/\/www.burritabike.com\/index.php?rest_route=\/wp\/v2\/media\/5339"}],"wp:attachment":[{"href":"https:\/\/www.burritabike.com\/index.php?rest_route=%2Fwp%2Fv2%2Fmedia&parent=5338"}],"wp:term":[{"taxonomy":"category","embeddable":true,"href":"https:\/\/www.burritabike.com\/index.php?rest_route=%2Fwp%2Fv2%2Fcategories&post=5338"},{"taxonomy":"post_tag","embeddable":true,"href":"https:\/\/www.burritabike.com\/index.php?rest_route=%2Fwp%2Fv2%2Ftags&post=5338"}],"curies":[{"name":"wp","href":"https:\/\/api.w.org\/{rel}","templated":true}]}}