{"id":3191,"date":"2013-04-08T18:51:54","date_gmt":"2013-04-08T18:51:54","guid":{"rendered":"http:\/\/www.burritabike.com\/?p=3191"},"modified":"2013-04-08T18:52:14","modified_gmt":"2013-04-08T18:52:14","slug":"el-equipo-burritabike-en-el-7o-desafio-btt-sierra-de-aznalcollar","status":"publish","type":"post","link":"https:\/\/www.burritabike.com\/?p=3191","title":{"rendered":"El Equipo BURRITABIKE en el 7\u00ba Desaf\u00edo BTT Sierra de Aznalc\u00f3llar"},"content":{"rendered":"<p>Hola a <a href=\"mailto:tod@s\">tod@s<\/a>!<\/p>\n<p>el pasado s\u00e1bado, el equipo BurritaBike estuvo en el 7\u00ba Desaf\u00edo BTT Sierra de Aznalc\u00f3llar .<\/p>\n<p>En nuestra p\u00e1gina de facebook y en nuestro perfil de Twitter, podreis ver fotos del equipo durante la prueba.<\/p>\n<p>Adem\u00e1s,\u00a0a lo largo de\u00a0la semana, \u00a0en nuestro canal youtube iremos subiendo los videos del equipo: sus\u00a0subidas, bajadas y mucho m\u00e1s <a href=\"http:\/\/www.youtube.com\/watch?v=JvtiZGYXAPc\">http:\/\/www.youtube.com\/watch?v=JvtiZGYXAPc<\/a><\/p>\n<p>\u00bf Lo has visto ya?<\/p>\n<p>&nbsp;<\/p>\n","protected":false},"excerpt":{"rendered":"<p>Hola a tod@s! el pasado s\u00e1bado, el equipo BurritaBike estuvo en el 7\u00ba Desaf\u00edo BTT Sierra de Aznalc\u00f3llar . En nuestra p\u00e1gina de facebook y en nuestro perfil de Twitter, podreis ver fotos del equipo durante la prueba. Adem\u00e1s,\u00a0a lo largo de\u00a0la semana, \u00a0en nuestro canal youtube iremos subiendo los videos del equipo: sus\u00a0subidas, bajadas [&hellip;]<\/p>\n","protected":false},"author":1,"featured_media":0,"comment_status":"closed","ping_status":"open","sticky":false,"template":"","format":"standard","meta":{"_mi_skip_tracking":false,"_themeisle_gutenberg_block_has_review":false,"jetpack_publicize_message":"","jetpack_is_tweetstorm":false,"jetpack_publicize_feature_enabled":true,"jetpack_social_post_already_shared":false,"jetpack_social_options":[]},"categories":[41],"tags":[],"jetpack_publicize_connections":[],"yoast_head":"<!-- This site is optimized with the Yoast SEO plugin v19.14 - https:\/\/yoast.com\/wordpress\/plugins\/seo\/ -->\n<title>El Equipo BURRITABIKE en el 7\u00ba Desaf\u00edo BTT Sierra de Aznalc\u00f3llar - Burrita Bike Store<\/title>\n<meta name=\"robots\" content=\"index, follow, max-snippet:-1, max-image-preview:large, max-video-preview:-1\" \/>\n<link rel=\"canonical\" href=\"https:\/\/www.burritabike.com\/?p=3191\" \/>\n<meta property=\"og:locale\" content=\"es_ES\" \/>\n<meta property=\"og:type\" content=\"article\" \/>\n<meta property=\"og:title\" content=\"El Equipo BURRITABIKE en el 7\u00ba Desaf\u00edo BTT Sierra de Aznalc\u00f3llar - Burrita Bike Store\" \/>\n<meta property=\"og:description\" content=\"Hola a tod@s! el pasado s\u00e1bado, el equipo BurritaBike estuvo en el 7\u00ba Desaf\u00edo BTT Sierra de Aznalc\u00f3llar . En nuestra p\u00e1gina de facebook y en nuestro perfil de Twitter, podreis ver fotos del equipo durante la prueba. Adem\u00e1s,\u00a0a lo largo de\u00a0la semana, \u00a0en nuestro canal youtube iremos subiendo los videos del equipo: sus\u00a0subidas, bajadas [&hellip;]\" \/>\n<meta property=\"og:url\" content=\"https:\/\/www.burritabike.com\/?p=3191\" \/>\n<meta property=\"og:site_name\" content=\"Burrita Bike Store\" \/>\n<meta property=\"article:publisher\" content=\"https:\/\/www.facebook.com\/Burrita-Bike-175649685843399\/\" \/>\n<meta property=\"article:published_time\" content=\"2013-04-08T18:51:54+00:00\" \/>\n<meta property=\"article:modified_time\" content=\"2013-04-08T18:52:14+00:00\" \/>\n<meta property=\"og:image\" content=\"https:\/\/www.burritabike.com\/wp-content\/uploads\/2017\/07\/IMG_0461.jpg\" \/>\n\t<meta property=\"og:image:width\" content=\"1060\" \/>\n\t<meta property=\"og:image:height\" content=\"392\" \/>\n\t<meta property=\"og:image:type\" content=\"image\/jpeg\" \/>\n<meta name=\"author\" content=\"admin\" \/>\n<meta name=\"twitter:card\" content=\"summary_large_image\" \/>\n<meta name=\"twitter:creator\" content=\"@burritabike\" \/>\n<meta name=\"twitter:site\" content=\"@burritabike\" \/>\n<meta name=\"twitter:label1\" content=\"Escrito por\" \/>\n\t<meta name=\"twitter:data1\" content=\"admin\" \/>\n<script type=\"application\/ld+json\" class=\"yoast-schema-graph\">{\"@context\":\"https:\/\/schema.org\",\"@graph\":[{\"@type\":\"Article\",\"@id\":\"https:\/\/www.burritabike.com\/?p=3191#article\",\"isPartOf\":{\"@id\":\"https:\/\/www.burritabike.com\/?p=3191\"},\"author\":{\"name\":\"admin\",\"@id\":\"https:\/\/www.burritabike.com\/#\/schema\/person\/3563c6efb697f1307a7946094928c14e\"},\"headline\":\"El Equipo BURRITABIKE en el 7\u00ba Desaf\u00edo BTT Sierra de Aznalc\u00f3llar\",\"datePublished\":\"2013-04-08T18:51:54+00:00\",\"dateModified\":\"2013-04-08T18:52:14+00:00\",\"mainEntityOfPage\":{\"@id\":\"https:\/\/www.burritabike.com\/?p=3191\"},\"wordCount\":90,\"publisher\":{\"@id\":\"https:\/\/www.burritabike.com\/#organization\"},\"articleSection\":[\"BurritaBike\"],\"inLanguage\":\"es\"},{\"@type\":\"WebPage\",\"@id\":\"https:\/\/www.burritabike.com\/?p=3191\",\"url\":\"https:\/\/www.burritabike.com\/?p=3191\",\"name\":\"El Equipo BURRITABIKE en el 7\u00ba Desaf\u00edo BTT Sierra de Aznalc\u00f3llar - Burrita Bike Store\",\"isPartOf\":{\"@id\":\"https:\/\/www.burritabike.com\/#website\"},\"datePublished\":\"2013-04-08T18:51:54+00:00\",\"dateModified\":\"2013-04-08T18:52:14+00:00\",\"breadcrumb\":{\"@id\":\"https:\/\/www.burritabike.com\/?p=3191#breadcrumb\"},\"inLanguage\":\"es\",\"potentialAction\":[{\"@type\":\"ReadAction\",\"target\":[\"https:\/\/www.burritabike.com\/?p=3191\"]}]},{\"@type\":\"BreadcrumbList\",\"@id\":\"https:\/\/www.burritabike.com\/?p=3191#breadcrumb\",\"itemListElement\":[{\"@type\":\"ListItem\",\"position\":1,\"name\":\"Portada\",\"item\":\"https:\/\/www.burritabike.com\/\"},{\"@type\":\"ListItem\",\"position\":2,\"name\":\"El Equipo BURRITABIKE en el 7\u00ba Desaf\u00edo BTT Sierra de Aznalc\u00f3llar\"}]},{\"@type\":\"WebSite\",\"@id\":\"https:\/\/www.burritabike.com\/#website\",\"url\":\"https:\/\/www.burritabike.com\/\",\"name\":\"Burrita Bike Store\",\"description\":\"Pasi\u00f3n por el Ciclismo\",\"publisher\":{\"@id\":\"https:\/\/www.burritabike.com\/#organization\"},\"potentialAction\":[{\"@type\":\"SearchAction\",\"target\":{\"@type\":\"EntryPoint\",\"urlTemplate\":\"https:\/\/www.burritabike.com\/?s={search_term_string}\"},\"query-input\":\"required name=search_term_string\"}],\"inLanguage\":\"es\"},{\"@type\":\"Organization\",\"@id\":\"https:\/\/www.burritabike.com\/#organization\",\"name\":\"BURRITA BIKE STORE\",\"url\":\"https:\/\/www.burritabike.com\/\",\"logo\":{\"@type\":\"ImageObject\",\"inLanguage\":\"es\",\"@id\":\"https:\/\/www.burritabike.com\/#\/schema\/logo\/image\/\",\"url\":\"https:\/\/www.burritabike.com\/wp-content\/uploads\/2019\/03\/logo-burrita-completo-con-copyrigth.jpg\",\"contentUrl\":\"https:\/\/www.burritabike.com\/wp-content\/uploads\/2019\/03\/logo-burrita-completo-con-copyrigth.jpg\",\"width\":908,\"height\":845,\"caption\":\"BURRITA BIKE STORE\"},\"image\":{\"@id\":\"https:\/\/www.burritabike.com\/#\/schema\/logo\/image\/\"},\"sameAs\":[\"https:\/\/www.instagram.com\/burritabike\/\",\"https:\/\/www.facebook.com\/Burrita-Bike-175649685843399\/\",\"https:\/\/twitter.com\/burritabike\"]},{\"@type\":\"Person\",\"@id\":\"https:\/\/www.burritabike.com\/#\/schema\/person\/3563c6efb697f1307a7946094928c14e\",\"name\":\"admin\",\"image\":{\"@type\":\"ImageObject\",\"inLanguage\":\"es\",\"@id\":\"https:\/\/www.burritabike.com\/#\/schema\/person\/image\/\",\"url\":\"https:\/\/secure.gravatar.com\/avatar\/8c117fef64d37182dd3844dbf7fa1538?s=96&d=mm&r=g\",\"contentUrl\":\"https:\/\/secure.gravatar.com\/avatar\/8c117fef64d37182dd3844dbf7fa1538?s=96&d=mm&r=g\",\"caption\":\"admin\"}}]}<\/script>\n<!-- \/ Yoast SEO plugin. -->","yoast_head_json":{"title":"El Equipo BURRITABIKE en el 7\u00ba Desaf\u00edo BTT Sierra de Aznalc\u00f3llar - Burrita Bike Store","robots":{"index":"index","follow":"follow","max-snippet":"max-snippet:-1","max-image-preview":"max-image-preview:large","max-video-preview":"max-video-preview:-1"},"canonical":"https:\/\/www.burritabike.com\/?p=3191","og_locale":"es_ES","og_type":"article","og_title":"El Equipo BURRITABIKE en el 7\u00ba Desaf\u00edo BTT Sierra de Aznalc\u00f3llar - Burrita Bike Store","og_description":"Hola a tod@s! el pasado s\u00e1bado, el equipo BurritaBike estuvo en el 7\u00ba Desaf\u00edo BTT Sierra de Aznalc\u00f3llar . En nuestra p\u00e1gina de facebook y en nuestro perfil de Twitter, podreis ver fotos del equipo durante la prueba. Adem\u00e1s,\u00a0a lo largo de\u00a0la semana, \u00a0en nuestro canal youtube iremos subiendo los videos del equipo: sus\u00a0subidas, bajadas [&hellip;]","og_url":"https:\/\/www.burritabike.com\/?p=3191","og_site_name":"Burrita Bike Store","article_publisher":"https:\/\/www.facebook.com\/Burrita-Bike-175649685843399\/","article_published_time":"2013-04-08T18:51:54+00:00","article_modified_time":"2013-04-08T18:52:14+00:00","og_image":[{"width":1060,"height":392,"url":"https:\/\/www.burritabike.com\/wp-content\/uploads\/2017\/07\/IMG_0461.jpg","type":"image\/jpeg"}],"author":"admin","twitter_card":"summary_large_image","twitter_creator":"@burritabike","twitter_site":"@burritabike","twitter_misc":{"Escrito por":"admin"},"schema":{"@context":"https:\/\/schema.org","@graph":[{"@type":"Article","@id":"https:\/\/www.burritabike.com\/?p=3191#article","isPartOf":{"@id":"https:\/\/www.burritabike.com\/?p=3191"},"author":{"name":"admin","@id":"https:\/\/www.burritabike.com\/#\/schema\/person\/3563c6efb697f1307a7946094928c14e"},"headline":"El Equipo BURRITABIKE en el 7\u00ba Desaf\u00edo BTT Sierra de Aznalc\u00f3llar","datePublished":"2013-04-08T18:51:54+00:00","dateModified":"2013-04-08T18:52:14+00:00","mainEntityOfPage":{"@id":"https:\/\/www.burritabike.com\/?p=3191"},"wordCount":90,"publisher":{"@id":"https:\/\/www.burritabike.com\/#organization"},"articleSection":["BurritaBike"],"inLanguage":"es"},{"@type":"WebPage","@id":"https:\/\/www.burritabike.com\/?p=3191","url":"https:\/\/www.burritabike.com\/?p=3191","name":"El Equipo BURRITABIKE en el 7\u00ba Desaf\u00edo BTT Sierra de Aznalc\u00f3llar - Burrita Bike Store","isPartOf":{"@id":"https:\/\/www.burritabike.com\/#website"},"datePublished":"2013-04-08T18:51:54+00:00","dateModified":"2013-04-08T18:52:14+00:00","breadcrumb":{"@id":"https:\/\/www.burritabike.com\/?p=3191#breadcrumb"},"inLanguage":"es","potentialAction":[{"@type":"ReadAction","target":["https:\/\/www.burritabike.com\/?p=3191"]}]},{"@type":"BreadcrumbList","@id":"https:\/\/www.burritabike.com\/?p=3191#breadcrumb","itemListElement":[{"@type":"ListItem","position":1,"name":"Portada","item":"https:\/\/www.burritabike.com\/"},{"@type":"ListItem","position":2,"name":"El Equipo BURRITABIKE en el 7\u00ba Desaf\u00edo BTT Sierra de Aznalc\u00f3llar"}]},{"@type":"WebSite","@id":"https:\/\/www.burritabike.com\/#website","url":"https:\/\/www.burritabike.com\/","name":"Burrita Bike Store","description":"Pasi\u00f3n por el Ciclismo","publisher":{"@id":"https:\/\/www.burritabike.com\/#organization"},"potentialAction":[{"@type":"SearchAction","target":{"@type":"EntryPoint","urlTemplate":"https:\/\/www.burritabike.com\/?s={search_term_string}"},"query-input":"required name=search_term_string"}],"inLanguage":"es"},{"@type":"Organization","@id":"https:\/\/www.burritabike.com\/#organization","name":"BURRITA BIKE STORE","url":"https:\/\/www.burritabike.com\/","logo":{"@type":"ImageObject","inLanguage":"es","@id":"https:\/\/www.burritabike.com\/#\/schema\/logo\/image\/","url":"https:\/\/www.burritabike.com\/wp-content\/uploads\/2019\/03\/logo-burrita-completo-con-copyrigth.jpg","contentUrl":"https:\/\/www.burritabike.com\/wp-content\/uploads\/2019\/03\/logo-burrita-completo-con-copyrigth.jpg","width":908,"height":845,"caption":"BURRITA BIKE STORE"},"image":{"@id":"https:\/\/www.burritabike.com\/#\/schema\/logo\/image\/"},"sameAs":["https:\/\/www.instagram.com\/burritabike\/","https:\/\/www.facebook.com\/Burrita-Bike-175649685843399\/","https:\/\/twitter.com\/burritabike"]},{"@type":"Person","@id":"https:\/\/www.burritabike.com\/#\/schema\/person\/3563c6efb697f1307a7946094928c14e","name":"admin","image":{"@type":"ImageObject","inLanguage":"es","@id":"https:\/\/www.burritabike.com\/#\/schema\/person\/image\/","url":"https:\/\/secure.gravatar.com\/avatar\/8c117fef64d37182dd3844dbf7fa1538?s=96&d=mm&r=g","contentUrl":"https:\/\/secure.gravatar.com\/avatar\/8c117fef64d37182dd3844dbf7fa1538?s=96&d=mm&r=g","caption":"admin"}}]}},"_links":{"self":[{"href":"https:\/\/www.burritabike.com\/index.php?rest_route=\/wp\/v2\/posts\/3191"}],"collection":[{"href":"https:\/\/www.burritabike.com\/index.php?rest_route=\/wp\/v2\/posts"}],"about":[{"href":"https:\/\/www.burritabike.com\/index.php?rest_route=\/wp\/v2\/types\/post"}],"author":[{"embeddable":true,"href":"https:\/\/www.burritabike.com\/index.php?rest_route=\/wp\/v2\/users\/1"}],"replies":[{"embeddable":true,"href":"https:\/\/www.burritabike.com\/index.php?rest_route=%2Fwp%2Fv2%2Fcomments&post=3191"}],"version-history":[{"count":2,"href":"https:\/\/www.burritabike.com\/index.php?rest_route=\/wp\/v2\/posts\/3191\/revisions"}],"predecessor-version":[{"id":3193,"href":"https:\/\/www.burritabike.com\/index.php?rest_route=\/wp\/v2\/posts\/3191\/revisions\/3193"}],"wp:attachment":[{"href":"https:\/\/www.burritabike.com\/index.php?rest_route=%2Fwp%2Fv2%2Fmedia&parent=3191"}],"wp:term":[{"taxonomy":"category","embeddable":true,"href":"https:\/\/www.burritabike.com\/index.php?rest_route=%2Fwp%2Fv2%2Fcategories&post=3191"},{"taxonomy":"post_tag","embeddable":true,"href":"https:\/\/www.burritabike.com\/index.php?rest_route=%2Fwp%2Fv2%2Ftags&post=3191"}],"curies":[{"name":"wp","href":"https:\/\/api.w.org\/{rel}","templated":true}]}}