{"id":3186,"date":"2013-04-08T17:14:15","date_gmt":"2013-04-08T17:14:15","guid":{"rendered":"http:\/\/www.burritabike.com\/?p=3186"},"modified":"2013-04-08T17:19:12","modified_gmt":"2013-04-08T17:19:12","slug":"te-esperamos-el-proximo-dia-27-en-la-huelva-extrema","status":"publish","type":"post","link":"https:\/\/www.burritabike.com\/?p=3186","title":{"rendered":"Te esperamos el pr\u00f3ximo d\u00eda 27 en la \u2018Huelva Extrema\u2019"},"content":{"rendered":"<div>\n<div>\n<p>&nbsp;<\/p>\n<p><span style=\"font-family: Arial; font-size: small;\">Ya os lo adelantamos hace algunos d\u00edas: <strong>Huelva Extrema est\u00e1 a la vuelta de la esquina<\/strong>. M\u00e1s de 500 ciclistas van a recorrer la provincia el pr\u00f3ximo d\u00eda 27. Desde la salida en Santa Ana La Real hasta Punta Umbr\u00eda, podremos disfrutar de m\u00e1s de 150 apasionantes kil\u00f3metros\u00a0de caminos, pistas y senderos que alternan tanto la sierra como la costa.<\/span><\/p>\n<\/div>\n<div>\n<div>\n<p><span style=\"font-family: Arial; font-size: small;\">La Diputaci\u00f3n Provincial<\/span><span style=\"font-family: Arial; font-size: small;\"> de Huelva y la Federaci\u00f3n Andaluza de Ciclismo nos brindan esta carrera cuya primera\u00a0<\/span><span style=\"font-family: Arial; font-size: small;\">\u00a0prueba se celebrar\u00e1 el pr\u00f3ximo 27 de abril. Entre los participantes, podremos encontrar ciclistas de distintas comunidades aut\u00f3nomas, como Andaluc\u00eda, Extremadura, Valencia, Catalu\u00f1a o Madrid dispuestos a enfrentarse a este desaf\u00edo. <\/span><\/p>\n<p><span style=\"font-family: Arial; font-size: small;\"><a href=\"http:\/\/www.burritabike.com\/wp-content\/uploads\/2013\/04\/huelva-extrema.jpg\"><img decoding=\"async\" loading=\"lazy\" class=\"aligncenter size-medium wp-image-3187\" title=\"huelva extrema\" src=\"http:\/\/www.burritabike.com\/wp-content\/uploads\/2013\/04\/huelva-extrema-214x300.jpg\" alt=\"\" width=\"214\" height=\"300\" \/><\/a><\/span><\/p>\n<p><span style=\"font-family: Arial; font-size: small;\">El corredor onubense Francisco Javier Mac\u00edas, uno de los mejores ciclistas de monta\u00f1a de nuestro pa\u00eds, varias veces campe\u00f3n de Espa\u00f1a y de Andaluc\u00eda, ha protagonizado el v\u00eddeo promocional de la prueba y nos invita a conocer la provincia de Huelva que \u00a0se convierte con esta prueba, en una referencia a nivel organizativo en el mundo del ciclismo.<\/span><\/p>\n<p><span style=\"font-family: Arial; font-size: small;\">Participando en este desaf\u00edo, disfrutaremos de\u00a0la pr\u00e1ctica de nuestro deporte favorito en un paisaje maravilloso como es el Parque Natural Sierra de Aracena y Picos de Aroche, pasando por la <\/span><span style=\"font-family: Arial; font-size: small;\">comarca del\u00a0 And\u00e9valo, y desembocando en\u00a0la campi\u00f1a onubense, para finalizar nuestra prueba en la <\/span><span style=\"font-family: Arial; font-size: small;\">Costa Onubense con sus\u00a0impresionantes espacios naturales protegidos de lagunas, marismas y playas de dunas y pinares.<\/span><\/p>\n<p><strong><span style=\"font-family: Arial; font-size: small;\">Os adelantamos m\u00e1s informaci\u00f3n sobre su descripci\u00f3n t\u00e9cnica:<\/span><\/strong><\/p>\n<p><span style=\"font-family: Arial; font-size: small;\">Modalidad: BTT<\/span><\/p>\n<p><span style=\"font-family: Arial; font-size: small;\">Recorrido: M\u00e1s de 150 kil\u00f3metros de Norte a Sur de la Provincia<\/span><\/p>\n<p><span style=\"font-family: Arial; font-size: small;\">Distancia en ascenso: 66 Km.<\/span><\/p>\n<p><span style=\"font-family: Arial; font-size: small;\">Distancia en asfalto: 17,5 Km.<\/span><\/p>\n<p><span style=\"font-family: Arial; font-size: small;\">Distancia en senderos: 35,7 Km.<\/span><\/p>\n<p><span style=\"font-family: Arial; font-size: small;\">Desnivel acumulado en ascenso: 1998 m. <\/span><\/p>\n<p><span style=\"font-family: Arial; font-size: small;\">Cota m\u00e1xima: 700 m.<\/span><\/p>\n<p><span style=\"font-family: Arial; font-size: small;\">Cota m\u00ednima: 4 m.<\/span><\/p>\n<p><span style=\"font-family: Arial; font-size: small;\">Pendiente m\u00e1xima de ascenso: 15%<\/span><\/p>\n<p><span style=\"font-family: Arial; font-size: small;\">Puertos\/ascensos: 6<\/span><\/p>\n<p><span style=\"font-family: Arial; font-size: small;\">\u00cdndice IBP MTB: 201<\/span><\/p>\n<p><span style=\"font-family: Arial; font-size: small;\">Participantes: 500<\/span><\/p>\n<p><span style=\"font-family: Arial; font-size: small;\">Salida: Santa Ana La Real 9:00 horas<\/span><\/p>\n<p><span style=\"font-family: Arial; font-size: small;\">Meta: Punta Umbr\u00eda hasta las 21:00 horas<\/span><\/p>\n<p>&nbsp;<\/p>\n<p><span style=\"font-family: Arial; font-size: small;\">Podeis encontrar m\u00e1s informaci\u00f3n <a href=\"www.huelvaextrema.com\">aqu\u00ed\u00a0<\/a>. <\/span><\/p>\n<p><span style=\"font-family: Arial; font-size: small;\">Nos vemos en la Huelva Extrema.<\/span><\/p>\n<\/div>\n<\/div>\n<\/div>\n<div>\n<div>\n<div>\u00a0<\/div>\n<p><span style=\"font-family: Times New Roman; font-size: medium;\"><br clear=\"all\" \/><\/span><\/p>\n<div>\n<div>\n<p><span style=\"font-family: Times New Roman; font-size: medium;\">\u00a0<\/span><\/p>\n<\/div>\n<div>\n<p>&nbsp;<\/p>\n<p><span style=\"font-family: Times New Roman; font-size: medium;\">\u00a0<\/span><\/p>\n<\/div>\n<\/div>\n<\/div>\n<\/div>\n","protected":false},"excerpt":{"rendered":"<p>&nbsp; Ya os lo adelantamos hace algunos d\u00edas: Huelva Extrema est\u00e1 a la vuelta de la esquina. M\u00e1s de 500 ciclistas van a recorrer la provincia el pr\u00f3ximo d\u00eda 27. Desde la salida en Santa Ana La Real hasta Punta Umbr\u00eda, podremos disfrutar de m\u00e1s de 150 apasionantes kil\u00f3metros\u00a0de caminos, pistas y senderos que alternan [&hellip;]<\/p>\n","protected":false},"author":1,"featured_media":0,"comment_status":"closed","ping_status":"open","sticky":false,"template":"","format":"standard","meta":{"_mi_skip_tracking":false,"_themeisle_gutenberg_block_has_review":false,"jetpack_publicize_message":"","jetpack_is_tweetstorm":false,"jetpack_publicize_feature_enabled":true,"jetpack_social_post_already_shared":false,"jetpack_social_options":[]},"categories":[4],"tags":[],"jetpack_publicize_connections":[],"yoast_head":"<!-- This site is optimized with the Yoast SEO plugin v19.14 - https:\/\/yoast.com\/wordpress\/plugins\/seo\/ -->\n<title>Te esperamos el pr\u00f3ximo d\u00eda 27 en la \u2018Huelva Extrema\u2019 - Burrita Bike Store<\/title>\n<meta name=\"robots\" content=\"index, follow, max-snippet:-1, max-image-preview:large, max-video-preview:-1\" \/>\n<link rel=\"canonical\" href=\"https:\/\/www.burritabike.com\/?p=3186\" \/>\n<meta property=\"og:locale\" content=\"es_ES\" \/>\n<meta property=\"og:type\" content=\"article\" \/>\n<meta property=\"og:title\" content=\"Te esperamos el pr\u00f3ximo d\u00eda 27 en la \u2018Huelva Extrema\u2019 - Burrita Bike Store\" \/>\n<meta property=\"og:description\" content=\"&nbsp; Ya os lo adelantamos hace algunos d\u00edas: Huelva Extrema est\u00e1 a la vuelta de la esquina. M\u00e1s de 500 ciclistas van a recorrer la provincia el pr\u00f3ximo d\u00eda 27. Desde la salida en Santa Ana La Real hasta Punta Umbr\u00eda, podremos disfrutar de m\u00e1s de 150 apasionantes kil\u00f3metros\u00a0de caminos, pistas y senderos que alternan [&hellip;]\" \/>\n<meta property=\"og:url\" content=\"https:\/\/www.burritabike.com\/?p=3186\" \/>\n<meta property=\"og:site_name\" content=\"Burrita Bike Store\" \/>\n<meta property=\"article:publisher\" content=\"https:\/\/www.facebook.com\/Burrita-Bike-175649685843399\/\" \/>\n<meta property=\"article:published_time\" content=\"2013-04-08T17:14:15+00:00\" \/>\n<meta property=\"article:modified_time\" content=\"2013-04-08T17:19:12+00:00\" \/>\n<meta property=\"og:image\" content=\"http:\/\/www.burritabike.com\/wp-content\/uploads\/2013\/04\/huelva-extrema-214x300.jpg\" \/>\n<meta name=\"author\" content=\"admin\" \/>\n<meta name=\"twitter:card\" content=\"summary_large_image\" \/>\n<meta name=\"twitter:creator\" content=\"@burritabike\" \/>\n<meta name=\"twitter:site\" content=\"@burritabike\" \/>\n<meta name=\"twitter:label1\" content=\"Escrito por\" \/>\n\t<meta name=\"twitter:data1\" content=\"admin\" \/>\n\t<meta name=\"twitter:label2\" content=\"Tiempo de lectura\" \/>\n\t<meta name=\"twitter:data2\" content=\"2 minutos\" \/>\n<script type=\"application\/ld+json\" class=\"yoast-schema-graph\">{\"@context\":\"https:\/\/schema.org\",\"@graph\":[{\"@type\":\"Article\",\"@id\":\"https:\/\/www.burritabike.com\/?p=3186#article\",\"isPartOf\":{\"@id\":\"https:\/\/www.burritabike.com\/?p=3186\"},\"author\":{\"name\":\"admin\",\"@id\":\"https:\/\/www.burritabike.com\/#\/schema\/person\/3563c6efb697f1307a7946094928c14e\"},\"headline\":\"Te esperamos el pr\u00f3ximo d\u00eda 27 en la \u2018Huelva Extrema\u2019\",\"datePublished\":\"2013-04-08T17:14:15+00:00\",\"dateModified\":\"2013-04-08T17:19:12+00:00\",\"mainEntityOfPage\":{\"@id\":\"https:\/\/www.burritabike.com\/?p=3186\"},\"wordCount\":354,\"publisher\":{\"@id\":\"https:\/\/www.burritabike.com\/#organization\"},\"articleSection\":[\"Eventos\"],\"inLanguage\":\"es\"},{\"@type\":\"WebPage\",\"@id\":\"https:\/\/www.burritabike.com\/?p=3186\",\"url\":\"https:\/\/www.burritabike.com\/?p=3186\",\"name\":\"Te esperamos el pr\u00f3ximo d\u00eda 27 en la \u2018Huelva Extrema\u2019 - Burrita Bike Store\",\"isPartOf\":{\"@id\":\"https:\/\/www.burritabike.com\/#website\"},\"datePublished\":\"2013-04-08T17:14:15+00:00\",\"dateModified\":\"2013-04-08T17:19:12+00:00\",\"breadcrumb\":{\"@id\":\"https:\/\/www.burritabike.com\/?p=3186#breadcrumb\"},\"inLanguage\":\"es\",\"potentialAction\":[{\"@type\":\"ReadAction\",\"target\":[\"https:\/\/www.burritabike.com\/?p=3186\"]}]},{\"@type\":\"BreadcrumbList\",\"@id\":\"https:\/\/www.burritabike.com\/?p=3186#breadcrumb\",\"itemListElement\":[{\"@type\":\"ListItem\",\"position\":1,\"name\":\"Portada\",\"item\":\"https:\/\/www.burritabike.com\/\"},{\"@type\":\"ListItem\",\"position\":2,\"name\":\"Te esperamos el pr\u00f3ximo d\u00eda 27 en la \u2018Huelva Extrema\u2019\"}]},{\"@type\":\"WebSite\",\"@id\":\"https:\/\/www.burritabike.com\/#website\",\"url\":\"https:\/\/www.burritabike.com\/\",\"name\":\"Burrita Bike Store\",\"description\":\"Pasi\u00f3n por el Ciclismo\",\"publisher\":{\"@id\":\"https:\/\/www.burritabike.com\/#organization\"},\"potentialAction\":[{\"@type\":\"SearchAction\",\"target\":{\"@type\":\"EntryPoint\",\"urlTemplate\":\"https:\/\/www.burritabike.com\/?s={search_term_string}\"},\"query-input\":\"required name=search_term_string\"}],\"inLanguage\":\"es\"},{\"@type\":\"Organization\",\"@id\":\"https:\/\/www.burritabike.com\/#organization\",\"name\":\"BURRITA BIKE STORE\",\"url\":\"https:\/\/www.burritabike.com\/\",\"logo\":{\"@type\":\"ImageObject\",\"inLanguage\":\"es\",\"@id\":\"https:\/\/www.burritabike.com\/#\/schema\/logo\/image\/\",\"url\":\"https:\/\/www.burritabike.com\/wp-content\/uploads\/2019\/03\/logo-burrita-completo-con-copyrigth.jpg\",\"contentUrl\":\"https:\/\/www.burritabike.com\/wp-content\/uploads\/2019\/03\/logo-burrita-completo-con-copyrigth.jpg\",\"width\":908,\"height\":845,\"caption\":\"BURRITA BIKE STORE\"},\"image\":{\"@id\":\"https:\/\/www.burritabike.com\/#\/schema\/logo\/image\/\"},\"sameAs\":[\"https:\/\/www.instagram.com\/burritabike\/\",\"https:\/\/www.facebook.com\/Burrita-Bike-175649685843399\/\",\"https:\/\/twitter.com\/burritabike\"]},{\"@type\":\"Person\",\"@id\":\"https:\/\/www.burritabike.com\/#\/schema\/person\/3563c6efb697f1307a7946094928c14e\",\"name\":\"admin\",\"image\":{\"@type\":\"ImageObject\",\"inLanguage\":\"es\",\"@id\":\"https:\/\/www.burritabike.com\/#\/schema\/person\/image\/\",\"url\":\"https:\/\/secure.gravatar.com\/avatar\/8c117fef64d37182dd3844dbf7fa1538?s=96&d=mm&r=g\",\"contentUrl\":\"https:\/\/secure.gravatar.com\/avatar\/8c117fef64d37182dd3844dbf7fa1538?s=96&d=mm&r=g\",\"caption\":\"admin\"}}]}<\/script>\n<!-- \/ Yoast SEO plugin. -->","yoast_head_json":{"title":"Te esperamos el pr\u00f3ximo d\u00eda 27 en la \u2018Huelva Extrema\u2019 - Burrita Bike Store","robots":{"index":"index","follow":"follow","max-snippet":"max-snippet:-1","max-image-preview":"max-image-preview:large","max-video-preview":"max-video-preview:-1"},"canonical":"https:\/\/www.burritabike.com\/?p=3186","og_locale":"es_ES","og_type":"article","og_title":"Te esperamos el pr\u00f3ximo d\u00eda 27 en la \u2018Huelva Extrema\u2019 - Burrita Bike Store","og_description":"&nbsp; Ya os lo adelantamos hace algunos d\u00edas: Huelva Extrema est\u00e1 a la vuelta de la esquina. M\u00e1s de 500 ciclistas van a recorrer la provincia el pr\u00f3ximo d\u00eda 27. Desde la salida en Santa Ana La Real hasta Punta Umbr\u00eda, podremos disfrutar de m\u00e1s de 150 apasionantes kil\u00f3metros\u00a0de caminos, pistas y senderos que alternan [&hellip;]","og_url":"https:\/\/www.burritabike.com\/?p=3186","og_site_name":"Burrita Bike Store","article_publisher":"https:\/\/www.facebook.com\/Burrita-Bike-175649685843399\/","article_published_time":"2013-04-08T17:14:15+00:00","article_modified_time":"2013-04-08T17:19:12+00:00","og_image":[{"url":"http:\/\/www.burritabike.com\/wp-content\/uploads\/2013\/04\/huelva-extrema-214x300.jpg"}],"author":"admin","twitter_card":"summary_large_image","twitter_creator":"@burritabike","twitter_site":"@burritabike","twitter_misc":{"Escrito por":"admin","Tiempo de lectura":"2 minutos"},"schema":{"@context":"https:\/\/schema.org","@graph":[{"@type":"Article","@id":"https:\/\/www.burritabike.com\/?p=3186#article","isPartOf":{"@id":"https:\/\/www.burritabike.com\/?p=3186"},"author":{"name":"admin","@id":"https:\/\/www.burritabike.com\/#\/schema\/person\/3563c6efb697f1307a7946094928c14e"},"headline":"Te esperamos el pr\u00f3ximo d\u00eda 27 en la \u2018Huelva Extrema\u2019","datePublished":"2013-04-08T17:14:15+00:00","dateModified":"2013-04-08T17:19:12+00:00","mainEntityOfPage":{"@id":"https:\/\/www.burritabike.com\/?p=3186"},"wordCount":354,"publisher":{"@id":"https:\/\/www.burritabike.com\/#organization"},"articleSection":["Eventos"],"inLanguage":"es"},{"@type":"WebPage","@id":"https:\/\/www.burritabike.com\/?p=3186","url":"https:\/\/www.burritabike.com\/?p=3186","name":"Te esperamos el pr\u00f3ximo d\u00eda 27 en la \u2018Huelva Extrema\u2019 - Burrita Bike Store","isPartOf":{"@id":"https:\/\/www.burritabike.com\/#website"},"datePublished":"2013-04-08T17:14:15+00:00","dateModified":"2013-04-08T17:19:12+00:00","breadcrumb":{"@id":"https:\/\/www.burritabike.com\/?p=3186#breadcrumb"},"inLanguage":"es","potentialAction":[{"@type":"ReadAction","target":["https:\/\/www.burritabike.com\/?p=3186"]}]},{"@type":"BreadcrumbList","@id":"https:\/\/www.burritabike.com\/?p=3186#breadcrumb","itemListElement":[{"@type":"ListItem","position":1,"name":"Portada","item":"https:\/\/www.burritabike.com\/"},{"@type":"ListItem","position":2,"name":"Te esperamos el pr\u00f3ximo d\u00eda 27 en la \u2018Huelva Extrema\u2019"}]},{"@type":"WebSite","@id":"https:\/\/www.burritabike.com\/#website","url":"https:\/\/www.burritabike.com\/","name":"Burrita Bike Store","description":"Pasi\u00f3n por el Ciclismo","publisher":{"@id":"https:\/\/www.burritabike.com\/#organization"},"potentialAction":[{"@type":"SearchAction","target":{"@type":"EntryPoint","urlTemplate":"https:\/\/www.burritabike.com\/?s={search_term_string}"},"query-input":"required name=search_term_string"}],"inLanguage":"es"},{"@type":"Organization","@id":"https:\/\/www.burritabike.com\/#organization","name":"BURRITA BIKE STORE","url":"https:\/\/www.burritabike.com\/","logo":{"@type":"ImageObject","inLanguage":"es","@id":"https:\/\/www.burritabike.com\/#\/schema\/logo\/image\/","url":"https:\/\/www.burritabike.com\/wp-content\/uploads\/2019\/03\/logo-burrita-completo-con-copyrigth.jpg","contentUrl":"https:\/\/www.burritabike.com\/wp-content\/uploads\/2019\/03\/logo-burrita-completo-con-copyrigth.jpg","width":908,"height":845,"caption":"BURRITA BIKE STORE"},"image":{"@id":"https:\/\/www.burritabike.com\/#\/schema\/logo\/image\/"},"sameAs":["https:\/\/www.instagram.com\/burritabike\/","https:\/\/www.facebook.com\/Burrita-Bike-175649685843399\/","https:\/\/twitter.com\/burritabike"]},{"@type":"Person","@id":"https:\/\/www.burritabike.com\/#\/schema\/person\/3563c6efb697f1307a7946094928c14e","name":"admin","image":{"@type":"ImageObject","inLanguage":"es","@id":"https:\/\/www.burritabike.com\/#\/schema\/person\/image\/","url":"https:\/\/secure.gravatar.com\/avatar\/8c117fef64d37182dd3844dbf7fa1538?s=96&d=mm&r=g","contentUrl":"https:\/\/secure.gravatar.com\/avatar\/8c117fef64d37182dd3844dbf7fa1538?s=96&d=mm&r=g","caption":"admin"}}]}},"_links":{"self":[{"href":"https:\/\/www.burritabike.com\/index.php?rest_route=\/wp\/v2\/posts\/3186"}],"collection":[{"href":"https:\/\/www.burritabike.com\/index.php?rest_route=\/wp\/v2\/posts"}],"about":[{"href":"https:\/\/www.burritabike.com\/index.php?rest_route=\/wp\/v2\/types\/post"}],"author":[{"embeddable":true,"href":"https:\/\/www.burritabike.com\/index.php?rest_route=\/wp\/v2\/users\/1"}],"replies":[{"embeddable":true,"href":"https:\/\/www.burritabike.com\/index.php?rest_route=%2Fwp%2Fv2%2Fcomments&post=3186"}],"version-history":[{"count":3,"href":"https:\/\/www.burritabike.com\/index.php?rest_route=\/wp\/v2\/posts\/3186\/revisions"}],"predecessor-version":[{"id":3190,"href":"https:\/\/www.burritabike.com\/index.php?rest_route=\/wp\/v2\/posts\/3186\/revisions\/3190"}],"wp:attachment":[{"href":"https:\/\/www.burritabike.com\/index.php?rest_route=%2Fwp%2Fv2%2Fmedia&parent=3186"}],"wp:term":[{"taxonomy":"category","embeddable":true,"href":"https:\/\/www.burritabike.com\/index.php?rest_route=%2Fwp%2Fv2%2Fcategories&post=3186"},{"taxonomy":"post_tag","embeddable":true,"href":"https:\/\/www.burritabike.com\/index.php?rest_route=%2Fwp%2Fv2%2Ftags&post=3186"}],"curies":[{"name":"wp","href":"https:\/\/api.w.org\/{rel}","templated":true}]}}