{"id":3150,"date":"2013-02-14T15:30:03","date_gmt":"2013-02-14T15:30:03","guid":{"rendered":"http:\/\/www.burritabike.com\/?p=3150"},"modified":"2013-02-14T15:30:21","modified_gmt":"2013-02-14T15:30:21","slug":"vi-maraton-ratobatense-09-03-2013-open-de-andalucia","status":"publish","type":"post","link":"https:\/\/www.burritabike.com\/?p=3150","title":{"rendered":"VI Marat\u00f3n Ratobatense 09-03-2013 &#8211; Open de Andaluc\u00eda"},"content":{"rendered":"<p>\u00bf Conoceis el VI Marat\u00f3n Ratobatense 09-03-2013 &#8211; Open de Andaluc\u00eda?<\/p>\n<p>&nbsp;<\/p>\n<p><a href=\"http:\/\/www.burritabike.com\/wp-content\/uploads\/2013\/02\/cartel-XI-cicloturista-open-de-andalucia.jpg\"><img decoding=\"async\" loading=\"lazy\" class=\"aligncenter size-medium wp-image-3151\" title=\"cartel XI cicloturista open de andalucia\" src=\"http:\/\/www.burritabike.com\/wp-content\/uploads\/2013\/02\/cartel-XI-cicloturista-open-de-andalucia-214x300.jpg\" alt=\"\" width=\"214\" height=\"300\" \/><\/a><\/p>\n<p>Una gran ocasi\u00f3n para disfrutar de nuestro deporte favorito que se va a celebrar el pr\u00f3ximo s\u00e1bado 9 de marzo.<\/p>\n<p>Podremos inscribirnos\u00a0 hasta el\u00a0 lunes d\u00eda 4 de marzo o en su caso cuando se llegue a los\u00a0500 inscritos no federados (a partir de los 500 participantes s\u00f3lo se\u00a0admitir\u00e1n federados)<\/p>\n<p>Si haceis click <a href=\"http:\/\/www.ratobato.com\">aqu\u00ed<\/a> podreis encontrar toda la\u00a0 informaci\u00f3n sobre este acontecimiento.<br \/>\nAnotad este evento en vuestra agenda ciclista.<\/p>\n<p>El Equipo BurritaBike estar\u00e1 pedaleando un a\u00f1o m\u00e1s <span style=\"font-family: Times New Roman; font-size: medium;\">en los caminos del Condado.<br \/>\n<\/span><\/p>\n","protected":false},"excerpt":{"rendered":"<p>\u00bf Conoceis el VI Marat\u00f3n Ratobatense 09-03-2013 &#8211; Open de Andaluc\u00eda? &nbsp; Una gran ocasi\u00f3n para disfrutar de nuestro deporte favorito que se va a celebrar el pr\u00f3ximo s\u00e1bado 9 de marzo. Podremos inscribirnos\u00a0 hasta el\u00a0 lunes d\u00eda 4 de marzo o en su caso cuando se llegue a los\u00a0500 inscritos no federados (a partir [&hellip;]<\/p>\n","protected":false},"author":1,"featured_media":0,"comment_status":"closed","ping_status":"open","sticky":false,"template":"","format":"standard","meta":{"_mi_skip_tracking":false,"_themeisle_gutenberg_block_has_review":false,"jetpack_publicize_message":"","jetpack_is_tweetstorm":false,"jetpack_publicize_feature_enabled":true,"jetpack_social_post_already_shared":false,"jetpack_social_options":[]},"categories":[4],"tags":[],"jetpack_publicize_connections":[],"yoast_head":"<!-- This site is optimized with the Yoast SEO plugin v19.14 - https:\/\/yoast.com\/wordpress\/plugins\/seo\/ -->\n<title>VI Marat\u00f3n Ratobatense 09-03-2013 - Open de Andaluc\u00eda - Burrita Bike Store<\/title>\n<meta name=\"robots\" content=\"index, follow, max-snippet:-1, max-image-preview:large, max-video-preview:-1\" \/>\n<link rel=\"canonical\" href=\"https:\/\/www.burritabike.com\/?p=3150\" \/>\n<meta property=\"og:locale\" content=\"es_ES\" \/>\n<meta property=\"og:type\" content=\"article\" \/>\n<meta property=\"og:title\" content=\"VI Marat\u00f3n Ratobatense 09-03-2013 - Open de Andaluc\u00eda - Burrita Bike Store\" \/>\n<meta property=\"og:description\" content=\"\u00bf Conoceis el VI Marat\u00f3n Ratobatense 09-03-2013 &#8211; Open de Andaluc\u00eda? &nbsp; Una gran ocasi\u00f3n para disfrutar de nuestro deporte favorito que se va a celebrar el pr\u00f3ximo s\u00e1bado 9 de marzo. Podremos inscribirnos\u00a0 hasta el\u00a0 lunes d\u00eda 4 de marzo o en su caso cuando se llegue a los\u00a0500 inscritos no federados (a partir [&hellip;]\" \/>\n<meta property=\"og:url\" content=\"https:\/\/www.burritabike.com\/?p=3150\" \/>\n<meta property=\"og:site_name\" content=\"Burrita Bike Store\" \/>\n<meta property=\"article:publisher\" content=\"https:\/\/www.facebook.com\/Burrita-Bike-175649685843399\/\" \/>\n<meta property=\"article:published_time\" content=\"2013-02-14T15:30:03+00:00\" \/>\n<meta property=\"article:modified_time\" content=\"2013-02-14T15:30:21+00:00\" \/>\n<meta property=\"og:image\" content=\"http:\/\/www.burritabike.com\/wp-content\/uploads\/2013\/02\/cartel-XI-cicloturista-open-de-andalucia-214x300.jpg\" \/>\n<meta name=\"author\" content=\"admin\" \/>\n<meta name=\"twitter:card\" content=\"summary_large_image\" \/>\n<meta name=\"twitter:creator\" content=\"@burritabike\" \/>\n<meta name=\"twitter:site\" content=\"@burritabike\" \/>\n<meta name=\"twitter:label1\" content=\"Escrito por\" \/>\n\t<meta name=\"twitter:data1\" content=\"admin\" \/>\n\t<meta name=\"twitter:label2\" content=\"Tiempo de lectura\" \/>\n\t<meta name=\"twitter:data2\" content=\"1 minuto\" \/>\n<script type=\"application\/ld+json\" class=\"yoast-schema-graph\">{\"@context\":\"https:\/\/schema.org\",\"@graph\":[{\"@type\":\"Article\",\"@id\":\"https:\/\/www.burritabike.com\/?p=3150#article\",\"isPartOf\":{\"@id\":\"https:\/\/www.burritabike.com\/?p=3150\"},\"author\":{\"name\":\"admin\",\"@id\":\"https:\/\/www.burritabike.com\/#\/schema\/person\/3563c6efb697f1307a7946094928c14e\"},\"headline\":\"VI Marat\u00f3n Ratobatense 09-03-2013 &#8211; Open de Andaluc\u00eda\",\"datePublished\":\"2013-02-14T15:30:03+00:00\",\"dateModified\":\"2013-02-14T15:30:21+00:00\",\"mainEntityOfPage\":{\"@id\":\"https:\/\/www.burritabike.com\/?p=3150\"},\"wordCount\":114,\"publisher\":{\"@id\":\"https:\/\/www.burritabike.com\/#organization\"},\"articleSection\":[\"Eventos\"],\"inLanguage\":\"es\"},{\"@type\":\"WebPage\",\"@id\":\"https:\/\/www.burritabike.com\/?p=3150\",\"url\":\"https:\/\/www.burritabike.com\/?p=3150\",\"name\":\"VI Marat\u00f3n Ratobatense 09-03-2013 - Open de Andaluc\u00eda - Burrita Bike Store\",\"isPartOf\":{\"@id\":\"https:\/\/www.burritabike.com\/#website\"},\"datePublished\":\"2013-02-14T15:30:03+00:00\",\"dateModified\":\"2013-02-14T15:30:21+00:00\",\"breadcrumb\":{\"@id\":\"https:\/\/www.burritabike.com\/?p=3150#breadcrumb\"},\"inLanguage\":\"es\",\"potentialAction\":[{\"@type\":\"ReadAction\",\"target\":[\"https:\/\/www.burritabike.com\/?p=3150\"]}]},{\"@type\":\"BreadcrumbList\",\"@id\":\"https:\/\/www.burritabike.com\/?p=3150#breadcrumb\",\"itemListElement\":[{\"@type\":\"ListItem\",\"position\":1,\"name\":\"Portada\",\"item\":\"https:\/\/www.burritabike.com\/\"},{\"@type\":\"ListItem\",\"position\":2,\"name\":\"VI Marat\u00f3n Ratobatense 09-03-2013 &#8211; Open de Andaluc\u00eda\"}]},{\"@type\":\"WebSite\",\"@id\":\"https:\/\/www.burritabike.com\/#website\",\"url\":\"https:\/\/www.burritabike.com\/\",\"name\":\"Burrita Bike Store\",\"description\":\"Pasi\u00f3n por el Ciclismo\",\"publisher\":{\"@id\":\"https:\/\/www.burritabike.com\/#organization\"},\"potentialAction\":[{\"@type\":\"SearchAction\",\"target\":{\"@type\":\"EntryPoint\",\"urlTemplate\":\"https:\/\/www.burritabike.com\/?s={search_term_string}\"},\"query-input\":\"required name=search_term_string\"}],\"inLanguage\":\"es\"},{\"@type\":\"Organization\",\"@id\":\"https:\/\/www.burritabike.com\/#organization\",\"name\":\"BURRITA BIKE STORE\",\"url\":\"https:\/\/www.burritabike.com\/\",\"logo\":{\"@type\":\"ImageObject\",\"inLanguage\":\"es\",\"@id\":\"https:\/\/www.burritabike.com\/#\/schema\/logo\/image\/\",\"url\":\"https:\/\/www.burritabike.com\/wp-content\/uploads\/2019\/03\/logo-burrita-completo-con-copyrigth.jpg\",\"contentUrl\":\"https:\/\/www.burritabike.com\/wp-content\/uploads\/2019\/03\/logo-burrita-completo-con-copyrigth.jpg\",\"width\":908,\"height\":845,\"caption\":\"BURRITA BIKE STORE\"},\"image\":{\"@id\":\"https:\/\/www.burritabike.com\/#\/schema\/logo\/image\/\"},\"sameAs\":[\"https:\/\/www.instagram.com\/burritabike\/\",\"https:\/\/www.facebook.com\/Burrita-Bike-175649685843399\/\",\"https:\/\/twitter.com\/burritabike\"]},{\"@type\":\"Person\",\"@id\":\"https:\/\/www.burritabike.com\/#\/schema\/person\/3563c6efb697f1307a7946094928c14e\",\"name\":\"admin\",\"image\":{\"@type\":\"ImageObject\",\"inLanguage\":\"es\",\"@id\":\"https:\/\/www.burritabike.com\/#\/schema\/person\/image\/\",\"url\":\"https:\/\/secure.gravatar.com\/avatar\/8c117fef64d37182dd3844dbf7fa1538?s=96&d=mm&r=g\",\"contentUrl\":\"https:\/\/secure.gravatar.com\/avatar\/8c117fef64d37182dd3844dbf7fa1538?s=96&d=mm&r=g\",\"caption\":\"admin\"}}]}<\/script>\n<!-- \/ Yoast SEO plugin. -->","yoast_head_json":{"title":"VI Marat\u00f3n Ratobatense 09-03-2013 - Open de Andaluc\u00eda - Burrita Bike Store","robots":{"index":"index","follow":"follow","max-snippet":"max-snippet:-1","max-image-preview":"max-image-preview:large","max-video-preview":"max-video-preview:-1"},"canonical":"https:\/\/www.burritabike.com\/?p=3150","og_locale":"es_ES","og_type":"article","og_title":"VI Marat\u00f3n Ratobatense 09-03-2013 - Open de Andaluc\u00eda - Burrita Bike Store","og_description":"\u00bf Conoceis el VI Marat\u00f3n Ratobatense 09-03-2013 &#8211; Open de Andaluc\u00eda? &nbsp; Una gran ocasi\u00f3n para disfrutar de nuestro deporte favorito que se va a celebrar el pr\u00f3ximo s\u00e1bado 9 de marzo. Podremos inscribirnos\u00a0 hasta el\u00a0 lunes d\u00eda 4 de marzo o en su caso cuando se llegue a los\u00a0500 inscritos no federados (a partir [&hellip;]","og_url":"https:\/\/www.burritabike.com\/?p=3150","og_site_name":"Burrita Bike Store","article_publisher":"https:\/\/www.facebook.com\/Burrita-Bike-175649685843399\/","article_published_time":"2013-02-14T15:30:03+00:00","article_modified_time":"2013-02-14T15:30:21+00:00","og_image":[{"url":"http:\/\/www.burritabike.com\/wp-content\/uploads\/2013\/02\/cartel-XI-cicloturista-open-de-andalucia-214x300.jpg"}],"author":"admin","twitter_card":"summary_large_image","twitter_creator":"@burritabike","twitter_site":"@burritabike","twitter_misc":{"Escrito por":"admin","Tiempo de lectura":"1 minuto"},"schema":{"@context":"https:\/\/schema.org","@graph":[{"@type":"Article","@id":"https:\/\/www.burritabike.com\/?p=3150#article","isPartOf":{"@id":"https:\/\/www.burritabike.com\/?p=3150"},"author":{"name":"admin","@id":"https:\/\/www.burritabike.com\/#\/schema\/person\/3563c6efb697f1307a7946094928c14e"},"headline":"VI Marat\u00f3n Ratobatense 09-03-2013 &#8211; Open de Andaluc\u00eda","datePublished":"2013-02-14T15:30:03+00:00","dateModified":"2013-02-14T15:30:21+00:00","mainEntityOfPage":{"@id":"https:\/\/www.burritabike.com\/?p=3150"},"wordCount":114,"publisher":{"@id":"https:\/\/www.burritabike.com\/#organization"},"articleSection":["Eventos"],"inLanguage":"es"},{"@type":"WebPage","@id":"https:\/\/www.burritabike.com\/?p=3150","url":"https:\/\/www.burritabike.com\/?p=3150","name":"VI Marat\u00f3n Ratobatense 09-03-2013 - Open de Andaluc\u00eda - Burrita Bike Store","isPartOf":{"@id":"https:\/\/www.burritabike.com\/#website"},"datePublished":"2013-02-14T15:30:03+00:00","dateModified":"2013-02-14T15:30:21+00:00","breadcrumb":{"@id":"https:\/\/www.burritabike.com\/?p=3150#breadcrumb"},"inLanguage":"es","potentialAction":[{"@type":"ReadAction","target":["https:\/\/www.burritabike.com\/?p=3150"]}]},{"@type":"BreadcrumbList","@id":"https:\/\/www.burritabike.com\/?p=3150#breadcrumb","itemListElement":[{"@type":"ListItem","position":1,"name":"Portada","item":"https:\/\/www.burritabike.com\/"},{"@type":"ListItem","position":2,"name":"VI Marat\u00f3n Ratobatense 09-03-2013 &#8211; Open de Andaluc\u00eda"}]},{"@type":"WebSite","@id":"https:\/\/www.burritabike.com\/#website","url":"https:\/\/www.burritabike.com\/","name":"Burrita Bike Store","description":"Pasi\u00f3n por el Ciclismo","publisher":{"@id":"https:\/\/www.burritabike.com\/#organization"},"potentialAction":[{"@type":"SearchAction","target":{"@type":"EntryPoint","urlTemplate":"https:\/\/www.burritabike.com\/?s={search_term_string}"},"query-input":"required name=search_term_string"}],"inLanguage":"es"},{"@type":"Organization","@id":"https:\/\/www.burritabike.com\/#organization","name":"BURRITA BIKE STORE","url":"https:\/\/www.burritabike.com\/","logo":{"@type":"ImageObject","inLanguage":"es","@id":"https:\/\/www.burritabike.com\/#\/schema\/logo\/image\/","url":"https:\/\/www.burritabike.com\/wp-content\/uploads\/2019\/03\/logo-burrita-completo-con-copyrigth.jpg","contentUrl":"https:\/\/www.burritabike.com\/wp-content\/uploads\/2019\/03\/logo-burrita-completo-con-copyrigth.jpg","width":908,"height":845,"caption":"BURRITA BIKE STORE"},"image":{"@id":"https:\/\/www.burritabike.com\/#\/schema\/logo\/image\/"},"sameAs":["https:\/\/www.instagram.com\/burritabike\/","https:\/\/www.facebook.com\/Burrita-Bike-175649685843399\/","https:\/\/twitter.com\/burritabike"]},{"@type":"Person","@id":"https:\/\/www.burritabike.com\/#\/schema\/person\/3563c6efb697f1307a7946094928c14e","name":"admin","image":{"@type":"ImageObject","inLanguage":"es","@id":"https:\/\/www.burritabike.com\/#\/schema\/person\/image\/","url":"https:\/\/secure.gravatar.com\/avatar\/8c117fef64d37182dd3844dbf7fa1538?s=96&d=mm&r=g","contentUrl":"https:\/\/secure.gravatar.com\/avatar\/8c117fef64d37182dd3844dbf7fa1538?s=96&d=mm&r=g","caption":"admin"}}]}},"_links":{"self":[{"href":"https:\/\/www.burritabike.com\/index.php?rest_route=\/wp\/v2\/posts\/3150"}],"collection":[{"href":"https:\/\/www.burritabike.com\/index.php?rest_route=\/wp\/v2\/posts"}],"about":[{"href":"https:\/\/www.burritabike.com\/index.php?rest_route=\/wp\/v2\/types\/post"}],"author":[{"embeddable":true,"href":"https:\/\/www.burritabike.com\/index.php?rest_route=\/wp\/v2\/users\/1"}],"replies":[{"embeddable":true,"href":"https:\/\/www.burritabike.com\/index.php?rest_route=%2Fwp%2Fv2%2Fcomments&post=3150"}],"version-history":[{"count":2,"href":"https:\/\/www.burritabike.com\/index.php?rest_route=\/wp\/v2\/posts\/3150\/revisions"}],"predecessor-version":[{"id":3153,"href":"https:\/\/www.burritabike.com\/index.php?rest_route=\/wp\/v2\/posts\/3150\/revisions\/3153"}],"wp:attachment":[{"href":"https:\/\/www.burritabike.com\/index.php?rest_route=%2Fwp%2Fv2%2Fmedia&parent=3150"}],"wp:term":[{"taxonomy":"category","embeddable":true,"href":"https:\/\/www.burritabike.com\/index.php?rest_route=%2Fwp%2Fv2%2Fcategories&post=3150"},{"taxonomy":"post_tag","embeddable":true,"href":"https:\/\/www.burritabike.com\/index.php?rest_route=%2Fwp%2Fv2%2Ftags&post=3150"}],"curies":[{"name":"wp","href":"https:\/\/api.w.org\/{rel}","templated":true}]}}