{"id":2290,"date":"2012-10-04T08:02:52","date_gmt":"2012-10-04T08:02:52","guid":{"rendered":"http:\/\/www.burritabike.com\/?p=2290"},"modified":"2012-10-06T07:56:28","modified_gmt":"2012-10-06T07:56:28","slug":"estuvimos-en-paterna","status":"publish","type":"post","link":"https:\/\/www.burritabike.com\/?p=2290","title":{"rendered":"\u00a1ESTUVIMOS EN PATERNA!"},"content":{"rendered":"<p>Sensacional. <\/p>\n<p>Esa es la palabra que resume el d\u00eda que pasamos el pasado s\u00e1bado en la XII Ruta Btt-Gran premio de la Sierra de Paterna.  Una masa ciclista de m\u00e1s de 1000 personas dispuestas a disfrutar de su deporte favorito. Entre este equipo de ciclistas,  el BurritaBike C.D no pod\u00eda perderse este acontecimiento, en un pueblo, que por un d\u00eda se convierte en la capital del BTT.<br \/>\n<a href=\"http:\/\/www.burritabike.com\/wp-content\/uploads\/2012\/10\/guillermo.jpg\"><img decoding=\"async\" loading=\"lazy\" src=\"http:\/\/www.burritabike.com\/wp-content\/uploads\/2012\/10\/guillermo-225x300.jpg\" alt=\"\" title=\"guillermo\" width=\"225\" height=\"300\" class=\"aligncenter size-medium wp-image-2291\" \/><\/a><\/p>\n<p>Como hab\u00eda llovido un par de d\u00edas antes, el terreno estaba asentado y no tuvimos problemas con el levantamiento de polvo. Durante los 93 Km de recorrido disfrutamos  de una agradable temperatura. La ruta estuvo bien organizada y sobretodo, muy concurrida como pudimos apreciar, lo que propici\u00f3 un ambiente bastante agradable entre los participantes.<\/p>\n<p><a href=\"http:\/\/www.burritabike.com\/wp-content\/uploads\/2012\/10\/chipi.jpg\"><img decoding=\"async\" loading=\"lazy\" src=\"http:\/\/www.burritabike.com\/wp-content\/uploads\/2012\/10\/chipi-199x300.jpg\" alt=\"\" title=\"chipi\" width=\"199\" height=\"300\" class=\"aligncenter size-medium wp-image-2292\" \/><\/a><\/p>\n<p>Aunque por momentos la carrera se volv\u00eda m\u00e1s dura, los Burritas han estado a la altura y han podido solventar las contrariedades, terminando el recorrido de forma satisfactoria y mejorando los tiempos previstos.<\/p>\n<p><a href=\"http:\/\/www.burritabike.com\/wp-content\/uploads\/2012\/10\/selu.jpg\"><img decoding=\"async\" loading=\"lazy\" src=\"http:\/\/www.burritabike.com\/wp-content\/uploads\/2012\/10\/selu-199x300.jpg\" alt=\"\" title=\"selu\" width=\"199\" height=\"300\" class=\"aligncenter size-medium wp-image-2293\" \/><\/a><\/p>\n<p>El equipo se present\u00f3 a la cita muy optimista, relajados, muy entrenados y con ganas de disfrutar del ciclismo. Consiguieron clasificaciones muy buenas, destacando el p\u00f3dium en Master 40 y puestos muy altos de los integrantes del equipo en el resto de categor\u00edas.<\/p>\n<p><a href=\"http:\/\/www.burritabike.com\/wp-content\/uploads\/2012\/10\/manolo-2.jpg\"><img decoding=\"async\" loading=\"lazy\" src=\"http:\/\/www.burritabike.com\/wp-content\/uploads\/2012\/10\/manolo-2-157x300.jpg\" alt=\"\" title=\"manolo 2\" width=\"157\" height=\"300\" class=\"aligncenter size-medium wp-image-2296\" \/><\/a><\/p>\n<p>Un gran d\u00eda que repetiremos muy pronto. Nos vemos en la pr\u00f3xima!<\/p>\n","protected":false},"excerpt":{"rendered":"<p>Sensacional. Esa es la palabra que resume el d\u00eda que pasamos el pasado s\u00e1bado en la XII Ruta Btt-Gran premio de la Sierra de Paterna. Una masa ciclista de m\u00e1s de 1000 personas dispuestas a disfrutar de su deporte favorito. Entre este equipo de ciclistas, el BurritaBike C.D no pod\u00eda perderse este acontecimiento, en un [&hellip;]<\/p>\n","protected":false},"author":1,"featured_media":0,"comment_status":"closed","ping_status":"open","sticky":false,"template":"","format":"standard","meta":{"_mi_skip_tracking":false,"_themeisle_gutenberg_block_has_review":false,"jetpack_publicize_message":"","jetpack_is_tweetstorm":false,"jetpack_publicize_feature_enabled":true,"jetpack_social_post_already_shared":false,"jetpack_social_options":[]},"categories":[41],"tags":[],"jetpack_publicize_connections":[],"yoast_head":"<!-- This site is optimized with the Yoast SEO plugin v19.14 - https:\/\/yoast.com\/wordpress\/plugins\/seo\/ -->\n<title>\u00a1ESTUVIMOS EN PATERNA! - Burrita Bike Store<\/title>\n<meta name=\"robots\" content=\"index, follow, max-snippet:-1, max-image-preview:large, max-video-preview:-1\" \/>\n<link rel=\"canonical\" href=\"https:\/\/www.burritabike.com\/?p=2290\" \/>\n<meta property=\"og:locale\" content=\"es_ES\" \/>\n<meta property=\"og:type\" content=\"article\" \/>\n<meta property=\"og:title\" content=\"\u00a1ESTUVIMOS EN PATERNA! - Burrita Bike Store\" \/>\n<meta property=\"og:description\" content=\"Sensacional. Esa es la palabra que resume el d\u00eda que pasamos el pasado s\u00e1bado en la XII Ruta Btt-Gran premio de la Sierra de Paterna. Una masa ciclista de m\u00e1s de 1000 personas dispuestas a disfrutar de su deporte favorito. Entre este equipo de ciclistas, el BurritaBike C.D no pod\u00eda perderse este acontecimiento, en un [&hellip;]\" \/>\n<meta property=\"og:url\" content=\"https:\/\/www.burritabike.com\/?p=2290\" \/>\n<meta property=\"og:site_name\" content=\"Burrita Bike Store\" \/>\n<meta property=\"article:publisher\" content=\"https:\/\/www.facebook.com\/Burrita-Bike-175649685843399\/\" \/>\n<meta property=\"article:published_time\" content=\"2012-10-04T08:02:52+00:00\" \/>\n<meta property=\"article:modified_time\" content=\"2012-10-06T07:56:28+00:00\" \/>\n<meta property=\"og:image\" content=\"http:\/\/www.burritabike.com\/wp-content\/uploads\/2012\/10\/guillermo-225x300.jpg\" \/>\n<meta name=\"author\" content=\"admin\" \/>\n<meta name=\"twitter:card\" content=\"summary_large_image\" \/>\n<meta name=\"twitter:creator\" content=\"@burritabike\" \/>\n<meta name=\"twitter:site\" content=\"@burritabike\" \/>\n<meta name=\"twitter:label1\" content=\"Escrito por\" \/>\n\t<meta name=\"twitter:data1\" content=\"admin\" \/>\n\t<meta name=\"twitter:label2\" content=\"Tiempo de lectura\" \/>\n\t<meta name=\"twitter:data2\" content=\"1 minuto\" \/>\n<script type=\"application\/ld+json\" class=\"yoast-schema-graph\">{\"@context\":\"https:\/\/schema.org\",\"@graph\":[{\"@type\":\"Article\",\"@id\":\"https:\/\/www.burritabike.com\/?p=2290#article\",\"isPartOf\":{\"@id\":\"https:\/\/www.burritabike.com\/?p=2290\"},\"author\":{\"name\":\"admin\",\"@id\":\"https:\/\/www.burritabike.com\/#\/schema\/person\/3563c6efb697f1307a7946094928c14e\"},\"headline\":\"\u00a1ESTUVIMOS EN PATERNA!\",\"datePublished\":\"2012-10-04T08:02:52+00:00\",\"dateModified\":\"2012-10-06T07:56:28+00:00\",\"mainEntityOfPage\":{\"@id\":\"https:\/\/www.burritabike.com\/?p=2290\"},\"wordCount\":223,\"publisher\":{\"@id\":\"https:\/\/www.burritabike.com\/#organization\"},\"articleSection\":[\"BurritaBike\"],\"inLanguage\":\"es\"},{\"@type\":\"WebPage\",\"@id\":\"https:\/\/www.burritabike.com\/?p=2290\",\"url\":\"https:\/\/www.burritabike.com\/?p=2290\",\"name\":\"\u00a1ESTUVIMOS EN PATERNA! - Burrita Bike Store\",\"isPartOf\":{\"@id\":\"https:\/\/www.burritabike.com\/#website\"},\"datePublished\":\"2012-10-04T08:02:52+00:00\",\"dateModified\":\"2012-10-06T07:56:28+00:00\",\"breadcrumb\":{\"@id\":\"https:\/\/www.burritabike.com\/?p=2290#breadcrumb\"},\"inLanguage\":\"es\",\"potentialAction\":[{\"@type\":\"ReadAction\",\"target\":[\"https:\/\/www.burritabike.com\/?p=2290\"]}]},{\"@type\":\"BreadcrumbList\",\"@id\":\"https:\/\/www.burritabike.com\/?p=2290#breadcrumb\",\"itemListElement\":[{\"@type\":\"ListItem\",\"position\":1,\"name\":\"Portada\",\"item\":\"https:\/\/www.burritabike.com\/\"},{\"@type\":\"ListItem\",\"position\":2,\"name\":\"\u00a1ESTUVIMOS EN PATERNA!\"}]},{\"@type\":\"WebSite\",\"@id\":\"https:\/\/www.burritabike.com\/#website\",\"url\":\"https:\/\/www.burritabike.com\/\",\"name\":\"Burrita Bike Store\",\"description\":\"Pasi\u00f3n por el Ciclismo\",\"publisher\":{\"@id\":\"https:\/\/www.burritabike.com\/#organization\"},\"potentialAction\":[{\"@type\":\"SearchAction\",\"target\":{\"@type\":\"EntryPoint\",\"urlTemplate\":\"https:\/\/www.burritabike.com\/?s={search_term_string}\"},\"query-input\":\"required name=search_term_string\"}],\"inLanguage\":\"es\"},{\"@type\":\"Organization\",\"@id\":\"https:\/\/www.burritabike.com\/#organization\",\"name\":\"BURRITA BIKE STORE\",\"url\":\"https:\/\/www.burritabike.com\/\",\"logo\":{\"@type\":\"ImageObject\",\"inLanguage\":\"es\",\"@id\":\"https:\/\/www.burritabike.com\/#\/schema\/logo\/image\/\",\"url\":\"https:\/\/www.burritabike.com\/wp-content\/uploads\/2019\/03\/logo-burrita-completo-con-copyrigth.jpg\",\"contentUrl\":\"https:\/\/www.burritabike.com\/wp-content\/uploads\/2019\/03\/logo-burrita-completo-con-copyrigth.jpg\",\"width\":908,\"height\":845,\"caption\":\"BURRITA BIKE STORE\"},\"image\":{\"@id\":\"https:\/\/www.burritabike.com\/#\/schema\/logo\/image\/\"},\"sameAs\":[\"https:\/\/www.instagram.com\/burritabike\/\",\"https:\/\/www.facebook.com\/Burrita-Bike-175649685843399\/\",\"https:\/\/twitter.com\/burritabike\"]},{\"@type\":\"Person\",\"@id\":\"https:\/\/www.burritabike.com\/#\/schema\/person\/3563c6efb697f1307a7946094928c14e\",\"name\":\"admin\",\"image\":{\"@type\":\"ImageObject\",\"inLanguage\":\"es\",\"@id\":\"https:\/\/www.burritabike.com\/#\/schema\/person\/image\/\",\"url\":\"https:\/\/secure.gravatar.com\/avatar\/8c117fef64d37182dd3844dbf7fa1538?s=96&d=mm&r=g\",\"contentUrl\":\"https:\/\/secure.gravatar.com\/avatar\/8c117fef64d37182dd3844dbf7fa1538?s=96&d=mm&r=g\",\"caption\":\"admin\"}}]}<\/script>\n<!-- \/ Yoast SEO plugin. -->","yoast_head_json":{"title":"\u00a1ESTUVIMOS EN PATERNA! - Burrita Bike Store","robots":{"index":"index","follow":"follow","max-snippet":"max-snippet:-1","max-image-preview":"max-image-preview:large","max-video-preview":"max-video-preview:-1"},"canonical":"https:\/\/www.burritabike.com\/?p=2290","og_locale":"es_ES","og_type":"article","og_title":"\u00a1ESTUVIMOS EN PATERNA! - Burrita Bike Store","og_description":"Sensacional. Esa es la palabra que resume el d\u00eda que pasamos el pasado s\u00e1bado en la XII Ruta Btt-Gran premio de la Sierra de Paterna. Una masa ciclista de m\u00e1s de 1000 personas dispuestas a disfrutar de su deporte favorito. Entre este equipo de ciclistas, el BurritaBike C.D no pod\u00eda perderse este acontecimiento, en un [&hellip;]","og_url":"https:\/\/www.burritabike.com\/?p=2290","og_site_name":"Burrita Bike Store","article_publisher":"https:\/\/www.facebook.com\/Burrita-Bike-175649685843399\/","article_published_time":"2012-10-04T08:02:52+00:00","article_modified_time":"2012-10-06T07:56:28+00:00","og_image":[{"url":"http:\/\/www.burritabike.com\/wp-content\/uploads\/2012\/10\/guillermo-225x300.jpg"}],"author":"admin","twitter_card":"summary_large_image","twitter_creator":"@burritabike","twitter_site":"@burritabike","twitter_misc":{"Escrito por":"admin","Tiempo de lectura":"1 minuto"},"schema":{"@context":"https:\/\/schema.org","@graph":[{"@type":"Article","@id":"https:\/\/www.burritabike.com\/?p=2290#article","isPartOf":{"@id":"https:\/\/www.burritabike.com\/?p=2290"},"author":{"name":"admin","@id":"https:\/\/www.burritabike.com\/#\/schema\/person\/3563c6efb697f1307a7946094928c14e"},"headline":"\u00a1ESTUVIMOS EN PATERNA!","datePublished":"2012-10-04T08:02:52+00:00","dateModified":"2012-10-06T07:56:28+00:00","mainEntityOfPage":{"@id":"https:\/\/www.burritabike.com\/?p=2290"},"wordCount":223,"publisher":{"@id":"https:\/\/www.burritabike.com\/#organization"},"articleSection":["BurritaBike"],"inLanguage":"es"},{"@type":"WebPage","@id":"https:\/\/www.burritabike.com\/?p=2290","url":"https:\/\/www.burritabike.com\/?p=2290","name":"\u00a1ESTUVIMOS EN PATERNA! - Burrita Bike Store","isPartOf":{"@id":"https:\/\/www.burritabike.com\/#website"},"datePublished":"2012-10-04T08:02:52+00:00","dateModified":"2012-10-06T07:56:28+00:00","breadcrumb":{"@id":"https:\/\/www.burritabike.com\/?p=2290#breadcrumb"},"inLanguage":"es","potentialAction":[{"@type":"ReadAction","target":["https:\/\/www.burritabike.com\/?p=2290"]}]},{"@type":"BreadcrumbList","@id":"https:\/\/www.burritabike.com\/?p=2290#breadcrumb","itemListElement":[{"@type":"ListItem","position":1,"name":"Portada","item":"https:\/\/www.burritabike.com\/"},{"@type":"ListItem","position":2,"name":"\u00a1ESTUVIMOS EN PATERNA!"}]},{"@type":"WebSite","@id":"https:\/\/www.burritabike.com\/#website","url":"https:\/\/www.burritabike.com\/","name":"Burrita Bike Store","description":"Pasi\u00f3n por el Ciclismo","publisher":{"@id":"https:\/\/www.burritabike.com\/#organization"},"potentialAction":[{"@type":"SearchAction","target":{"@type":"EntryPoint","urlTemplate":"https:\/\/www.burritabike.com\/?s={search_term_string}"},"query-input":"required name=search_term_string"}],"inLanguage":"es"},{"@type":"Organization","@id":"https:\/\/www.burritabike.com\/#organization","name":"BURRITA BIKE STORE","url":"https:\/\/www.burritabike.com\/","logo":{"@type":"ImageObject","inLanguage":"es","@id":"https:\/\/www.burritabike.com\/#\/schema\/logo\/image\/","url":"https:\/\/www.burritabike.com\/wp-content\/uploads\/2019\/03\/logo-burrita-completo-con-copyrigth.jpg","contentUrl":"https:\/\/www.burritabike.com\/wp-content\/uploads\/2019\/03\/logo-burrita-completo-con-copyrigth.jpg","width":908,"height":845,"caption":"BURRITA BIKE STORE"},"image":{"@id":"https:\/\/www.burritabike.com\/#\/schema\/logo\/image\/"},"sameAs":["https:\/\/www.instagram.com\/burritabike\/","https:\/\/www.facebook.com\/Burrita-Bike-175649685843399\/","https:\/\/twitter.com\/burritabike"]},{"@type":"Person","@id":"https:\/\/www.burritabike.com\/#\/schema\/person\/3563c6efb697f1307a7946094928c14e","name":"admin","image":{"@type":"ImageObject","inLanguage":"es","@id":"https:\/\/www.burritabike.com\/#\/schema\/person\/image\/","url":"https:\/\/secure.gravatar.com\/avatar\/8c117fef64d37182dd3844dbf7fa1538?s=96&d=mm&r=g","contentUrl":"https:\/\/secure.gravatar.com\/avatar\/8c117fef64d37182dd3844dbf7fa1538?s=96&d=mm&r=g","caption":"admin"}}]}},"_links":{"self":[{"href":"https:\/\/www.burritabike.com\/index.php?rest_route=\/wp\/v2\/posts\/2290"}],"collection":[{"href":"https:\/\/www.burritabike.com\/index.php?rest_route=\/wp\/v2\/posts"}],"about":[{"href":"https:\/\/www.burritabike.com\/index.php?rest_route=\/wp\/v2\/types\/post"}],"author":[{"embeddable":true,"href":"https:\/\/www.burritabike.com\/index.php?rest_route=\/wp\/v2\/users\/1"}],"replies":[{"embeddable":true,"href":"https:\/\/www.burritabike.com\/index.php?rest_route=%2Fwp%2Fv2%2Fcomments&post=2290"}],"version-history":[{"count":5,"href":"https:\/\/www.burritabike.com\/index.php?rest_route=\/wp\/v2\/posts\/2290\/revisions"}],"predecessor-version":[{"id":2303,"href":"https:\/\/www.burritabike.com\/index.php?rest_route=\/wp\/v2\/posts\/2290\/revisions\/2303"}],"wp:attachment":[{"href":"https:\/\/www.burritabike.com\/index.php?rest_route=%2Fwp%2Fv2%2Fmedia&parent=2290"}],"wp:term":[{"taxonomy":"category","embeddable":true,"href":"https:\/\/www.burritabike.com\/index.php?rest_route=%2Fwp%2Fv2%2Fcategories&post=2290"},{"taxonomy":"post_tag","embeddable":true,"href":"https:\/\/www.burritabike.com\/index.php?rest_route=%2Fwp%2Fv2%2Ftags&post=2290"}],"curies":[{"name":"wp","href":"https:\/\/api.w.org\/{rel}","templated":true}]}}