{"id":2207,"date":"2012-09-27T17:13:24","date_gmt":"2012-09-27T17:13:24","guid":{"rendered":"http:\/\/www.burritabike.com\/?p=2207"},"modified":"2012-09-29T07:43:18","modified_gmt":"2012-09-29T07:43:18","slug":"os-recordamos-xii-ruta-btt-gran-premio-de-la-sierra-de-paterna","status":"publish","type":"post","link":"https:\/\/www.burritabike.com\/?p=2207","title":{"rendered":"OS RECORDAMOS XII Ruta Btt Gran Premio de la Sierra de Paterna"},"content":{"rendered":"<p>No olvideis que este S\u00e1bado 29 de Septiembre de 2012 estaremos en Paterna y realizaremos los 93 Km de un recorrido a\u00fan m\u00e1s novedoso y atractivo que los a\u00f1os anteriores. Subiremos \u201cLos Machos\u201d,  \u201cEl Mortirolo\u201d y la final del \u201cPinguete\u201d. Adem\u00e1s como novedad, se podr\u00e1 subir  al \u201cCejo\u201d, punto m\u00e1s alto de la Sierra de Paterna. <\/p>\n<p>Podeis encontrar m\u00e1s informaci\u00f3n a trav\u00e9s de la p\u00e1gina web: www.clubcanonazo.com. Las inscripciones ya est\u00e1n cerradas as\u00ed que los que esteis inscritos preparaos para disfrutar de la ruta y aquellos que no habeis podido,teneis una buena excusa para disfrutar de un gran d\u00eda de ciclismo del bueno.<\/p>\n","protected":false},"excerpt":{"rendered":"<p>No olvideis que este S\u00e1bado 29 de Septiembre de 2012 estaremos en Paterna y realizaremos los 93 Km de un recorrido a\u00fan m\u00e1s novedoso y atractivo que los a\u00f1os anteriores. Subiremos \u201cLos Machos\u201d, \u201cEl Mortirolo\u201d y la final del \u201cPinguete\u201d. Adem\u00e1s como novedad, se podr\u00e1 subir al \u201cCejo\u201d, punto m\u00e1s alto de la Sierra de [&hellip;]<\/p>\n","protected":false},"author":1,"featured_media":0,"comment_status":"closed","ping_status":"open","sticky":false,"template":"","format":"standard","meta":{"_mi_skip_tracking":false,"_themeisle_gutenberg_block_has_review":false,"jetpack_publicize_message":"","jetpack_is_tweetstorm":false,"jetpack_publicize_feature_enabled":true,"jetpack_social_post_already_shared":false,"jetpack_social_options":[]},"categories":[37],"tags":[],"jetpack_publicize_connections":[],"yoast_head":"<!-- This site is optimized with the Yoast SEO plugin v19.14 - https:\/\/yoast.com\/wordpress\/plugins\/seo\/ -->\n<title>OS RECORDAMOS XII Ruta Btt Gran Premio de la Sierra de Paterna - Burrita Bike Store<\/title>\n<meta name=\"robots\" content=\"index, follow, max-snippet:-1, max-image-preview:large, max-video-preview:-1\" \/>\n<link rel=\"canonical\" href=\"https:\/\/www.burritabike.com\/?p=2207\" \/>\n<meta property=\"og:locale\" content=\"es_ES\" \/>\n<meta property=\"og:type\" content=\"article\" \/>\n<meta property=\"og:title\" content=\"OS RECORDAMOS XII Ruta Btt Gran Premio de la Sierra de Paterna - Burrita Bike Store\" \/>\n<meta property=\"og:description\" content=\"No olvideis que este S\u00e1bado 29 de Septiembre de 2012 estaremos en Paterna y realizaremos los 93 Km de un recorrido a\u00fan m\u00e1s novedoso y atractivo que los a\u00f1os anteriores. Subiremos \u201cLos Machos\u201d, \u201cEl Mortirolo\u201d y la final del \u201cPinguete\u201d. Adem\u00e1s como novedad, se podr\u00e1 subir al \u201cCejo\u201d, punto m\u00e1s alto de la Sierra de [&hellip;]\" \/>\n<meta property=\"og:url\" content=\"https:\/\/www.burritabike.com\/?p=2207\" \/>\n<meta property=\"og:site_name\" content=\"Burrita Bike Store\" \/>\n<meta property=\"article:publisher\" content=\"https:\/\/www.facebook.com\/Burrita-Bike-175649685843399\/\" \/>\n<meta property=\"article:published_time\" content=\"2012-09-27T17:13:24+00:00\" \/>\n<meta property=\"article:modified_time\" content=\"2012-09-29T07:43:18+00:00\" \/>\n<meta property=\"og:image\" content=\"https:\/\/www.burritabike.com\/wp-content\/uploads\/2017\/07\/IMG_0461.jpg\" \/>\n\t<meta property=\"og:image:width\" content=\"1060\" \/>\n\t<meta property=\"og:image:height\" content=\"392\" \/>\n\t<meta property=\"og:image:type\" content=\"image\/jpeg\" \/>\n<meta name=\"author\" content=\"admin\" \/>\n<meta name=\"twitter:card\" content=\"summary_large_image\" \/>\n<meta name=\"twitter:creator\" content=\"@burritabike\" \/>\n<meta name=\"twitter:site\" content=\"@burritabike\" \/>\n<meta name=\"twitter:label1\" content=\"Escrito por\" \/>\n\t<meta name=\"twitter:data1\" content=\"admin\" \/>\n\t<meta name=\"twitter:label2\" content=\"Tiempo de lectura\" \/>\n\t<meta name=\"twitter:data2\" content=\"1 minuto\" \/>\n<script type=\"application\/ld+json\" class=\"yoast-schema-graph\">{\"@context\":\"https:\/\/schema.org\",\"@graph\":[{\"@type\":\"Article\",\"@id\":\"https:\/\/www.burritabike.com\/?p=2207#article\",\"isPartOf\":{\"@id\":\"https:\/\/www.burritabike.com\/?p=2207\"},\"author\":{\"name\":\"admin\",\"@id\":\"https:\/\/www.burritabike.com\/#\/schema\/person\/3563c6efb697f1307a7946094928c14e\"},\"headline\":\"OS RECORDAMOS XII Ruta Btt Gran Premio de la Sierra de Paterna\",\"datePublished\":\"2012-09-27T17:13:24+00:00\",\"dateModified\":\"2012-09-29T07:43:18+00:00\",\"mainEntityOfPage\":{\"@id\":\"https:\/\/www.burritabike.com\/?p=2207\"},\"wordCount\":127,\"publisher\":{\"@id\":\"https:\/\/www.burritabike.com\/#organization\"},\"articleSection\":[\"Rutas\"],\"inLanguage\":\"es\"},{\"@type\":\"WebPage\",\"@id\":\"https:\/\/www.burritabike.com\/?p=2207\",\"url\":\"https:\/\/www.burritabike.com\/?p=2207\",\"name\":\"OS RECORDAMOS XII Ruta Btt Gran Premio de la Sierra de Paterna - Burrita Bike Store\",\"isPartOf\":{\"@id\":\"https:\/\/www.burritabike.com\/#website\"},\"datePublished\":\"2012-09-27T17:13:24+00:00\",\"dateModified\":\"2012-09-29T07:43:18+00:00\",\"breadcrumb\":{\"@id\":\"https:\/\/www.burritabike.com\/?p=2207#breadcrumb\"},\"inLanguage\":\"es\",\"potentialAction\":[{\"@type\":\"ReadAction\",\"target\":[\"https:\/\/www.burritabike.com\/?p=2207\"]}]},{\"@type\":\"BreadcrumbList\",\"@id\":\"https:\/\/www.burritabike.com\/?p=2207#breadcrumb\",\"itemListElement\":[{\"@type\":\"ListItem\",\"position\":1,\"name\":\"Portada\",\"item\":\"https:\/\/www.burritabike.com\/\"},{\"@type\":\"ListItem\",\"position\":2,\"name\":\"OS RECORDAMOS XII Ruta Btt Gran Premio de la Sierra de Paterna\"}]},{\"@type\":\"WebSite\",\"@id\":\"https:\/\/www.burritabike.com\/#website\",\"url\":\"https:\/\/www.burritabike.com\/\",\"name\":\"Burrita Bike Store\",\"description\":\"Pasi\u00f3n por el Ciclismo\",\"publisher\":{\"@id\":\"https:\/\/www.burritabike.com\/#organization\"},\"potentialAction\":[{\"@type\":\"SearchAction\",\"target\":{\"@type\":\"EntryPoint\",\"urlTemplate\":\"https:\/\/www.burritabike.com\/?s={search_term_string}\"},\"query-input\":\"required name=search_term_string\"}],\"inLanguage\":\"es\"},{\"@type\":\"Organization\",\"@id\":\"https:\/\/www.burritabike.com\/#organization\",\"name\":\"BURRITA BIKE STORE\",\"url\":\"https:\/\/www.burritabike.com\/\",\"logo\":{\"@type\":\"ImageObject\",\"inLanguage\":\"es\",\"@id\":\"https:\/\/www.burritabike.com\/#\/schema\/logo\/image\/\",\"url\":\"https:\/\/www.burritabike.com\/wp-content\/uploads\/2019\/03\/logo-burrita-completo-con-copyrigth.jpg\",\"contentUrl\":\"https:\/\/www.burritabike.com\/wp-content\/uploads\/2019\/03\/logo-burrita-completo-con-copyrigth.jpg\",\"width\":908,\"height\":845,\"caption\":\"BURRITA BIKE STORE\"},\"image\":{\"@id\":\"https:\/\/www.burritabike.com\/#\/schema\/logo\/image\/\"},\"sameAs\":[\"https:\/\/www.instagram.com\/burritabike\/\",\"https:\/\/www.facebook.com\/Burrita-Bike-175649685843399\/\",\"https:\/\/twitter.com\/burritabike\"]},{\"@type\":\"Person\",\"@id\":\"https:\/\/www.burritabike.com\/#\/schema\/person\/3563c6efb697f1307a7946094928c14e\",\"name\":\"admin\",\"image\":{\"@type\":\"ImageObject\",\"inLanguage\":\"es\",\"@id\":\"https:\/\/www.burritabike.com\/#\/schema\/person\/image\/\",\"url\":\"https:\/\/secure.gravatar.com\/avatar\/8c117fef64d37182dd3844dbf7fa1538?s=96&d=mm&r=g\",\"contentUrl\":\"https:\/\/secure.gravatar.com\/avatar\/8c117fef64d37182dd3844dbf7fa1538?s=96&d=mm&r=g\",\"caption\":\"admin\"}}]}<\/script>\n<!-- \/ Yoast SEO plugin. -->","yoast_head_json":{"title":"OS RECORDAMOS XII Ruta Btt Gran Premio de la Sierra de Paterna - Burrita Bike Store","robots":{"index":"index","follow":"follow","max-snippet":"max-snippet:-1","max-image-preview":"max-image-preview:large","max-video-preview":"max-video-preview:-1"},"canonical":"https:\/\/www.burritabike.com\/?p=2207","og_locale":"es_ES","og_type":"article","og_title":"OS RECORDAMOS XII Ruta Btt Gran Premio de la Sierra de Paterna - Burrita Bike Store","og_description":"No olvideis que este S\u00e1bado 29 de Septiembre de 2012 estaremos en Paterna y realizaremos los 93 Km de un recorrido a\u00fan m\u00e1s novedoso y atractivo que los a\u00f1os anteriores. Subiremos \u201cLos Machos\u201d, \u201cEl Mortirolo\u201d y la final del \u201cPinguete\u201d. Adem\u00e1s como novedad, se podr\u00e1 subir al \u201cCejo\u201d, punto m\u00e1s alto de la Sierra de [&hellip;]","og_url":"https:\/\/www.burritabike.com\/?p=2207","og_site_name":"Burrita Bike Store","article_publisher":"https:\/\/www.facebook.com\/Burrita-Bike-175649685843399\/","article_published_time":"2012-09-27T17:13:24+00:00","article_modified_time":"2012-09-29T07:43:18+00:00","og_image":[{"width":1060,"height":392,"url":"https:\/\/www.burritabike.com\/wp-content\/uploads\/2017\/07\/IMG_0461.jpg","type":"image\/jpeg"}],"author":"admin","twitter_card":"summary_large_image","twitter_creator":"@burritabike","twitter_site":"@burritabike","twitter_misc":{"Escrito por":"admin","Tiempo de lectura":"1 minuto"},"schema":{"@context":"https:\/\/schema.org","@graph":[{"@type":"Article","@id":"https:\/\/www.burritabike.com\/?p=2207#article","isPartOf":{"@id":"https:\/\/www.burritabike.com\/?p=2207"},"author":{"name":"admin","@id":"https:\/\/www.burritabike.com\/#\/schema\/person\/3563c6efb697f1307a7946094928c14e"},"headline":"OS RECORDAMOS XII Ruta Btt Gran Premio de la Sierra de Paterna","datePublished":"2012-09-27T17:13:24+00:00","dateModified":"2012-09-29T07:43:18+00:00","mainEntityOfPage":{"@id":"https:\/\/www.burritabike.com\/?p=2207"},"wordCount":127,"publisher":{"@id":"https:\/\/www.burritabike.com\/#organization"},"articleSection":["Rutas"],"inLanguage":"es"},{"@type":"WebPage","@id":"https:\/\/www.burritabike.com\/?p=2207","url":"https:\/\/www.burritabike.com\/?p=2207","name":"OS RECORDAMOS XII Ruta Btt Gran Premio de la Sierra de Paterna - Burrita Bike Store","isPartOf":{"@id":"https:\/\/www.burritabike.com\/#website"},"datePublished":"2012-09-27T17:13:24+00:00","dateModified":"2012-09-29T07:43:18+00:00","breadcrumb":{"@id":"https:\/\/www.burritabike.com\/?p=2207#breadcrumb"},"inLanguage":"es","potentialAction":[{"@type":"ReadAction","target":["https:\/\/www.burritabike.com\/?p=2207"]}]},{"@type":"BreadcrumbList","@id":"https:\/\/www.burritabike.com\/?p=2207#breadcrumb","itemListElement":[{"@type":"ListItem","position":1,"name":"Portada","item":"https:\/\/www.burritabike.com\/"},{"@type":"ListItem","position":2,"name":"OS RECORDAMOS XII Ruta Btt Gran Premio de la Sierra de Paterna"}]},{"@type":"WebSite","@id":"https:\/\/www.burritabike.com\/#website","url":"https:\/\/www.burritabike.com\/","name":"Burrita Bike Store","description":"Pasi\u00f3n por el Ciclismo","publisher":{"@id":"https:\/\/www.burritabike.com\/#organization"},"potentialAction":[{"@type":"SearchAction","target":{"@type":"EntryPoint","urlTemplate":"https:\/\/www.burritabike.com\/?s={search_term_string}"},"query-input":"required name=search_term_string"}],"inLanguage":"es"},{"@type":"Organization","@id":"https:\/\/www.burritabike.com\/#organization","name":"BURRITA BIKE STORE","url":"https:\/\/www.burritabike.com\/","logo":{"@type":"ImageObject","inLanguage":"es","@id":"https:\/\/www.burritabike.com\/#\/schema\/logo\/image\/","url":"https:\/\/www.burritabike.com\/wp-content\/uploads\/2019\/03\/logo-burrita-completo-con-copyrigth.jpg","contentUrl":"https:\/\/www.burritabike.com\/wp-content\/uploads\/2019\/03\/logo-burrita-completo-con-copyrigth.jpg","width":908,"height":845,"caption":"BURRITA BIKE STORE"},"image":{"@id":"https:\/\/www.burritabike.com\/#\/schema\/logo\/image\/"},"sameAs":["https:\/\/www.instagram.com\/burritabike\/","https:\/\/www.facebook.com\/Burrita-Bike-175649685843399\/","https:\/\/twitter.com\/burritabike"]},{"@type":"Person","@id":"https:\/\/www.burritabike.com\/#\/schema\/person\/3563c6efb697f1307a7946094928c14e","name":"admin","image":{"@type":"ImageObject","inLanguage":"es","@id":"https:\/\/www.burritabike.com\/#\/schema\/person\/image\/","url":"https:\/\/secure.gravatar.com\/avatar\/8c117fef64d37182dd3844dbf7fa1538?s=96&d=mm&r=g","contentUrl":"https:\/\/secure.gravatar.com\/avatar\/8c117fef64d37182dd3844dbf7fa1538?s=96&d=mm&r=g","caption":"admin"}}]}},"_links":{"self":[{"href":"https:\/\/www.burritabike.com\/index.php?rest_route=\/wp\/v2\/posts\/2207"}],"collection":[{"href":"https:\/\/www.burritabike.com\/index.php?rest_route=\/wp\/v2\/posts"}],"about":[{"href":"https:\/\/www.burritabike.com\/index.php?rest_route=\/wp\/v2\/types\/post"}],"author":[{"embeddable":true,"href":"https:\/\/www.burritabike.com\/index.php?rest_route=\/wp\/v2\/users\/1"}],"replies":[{"embeddable":true,"href":"https:\/\/www.burritabike.com\/index.php?rest_route=%2Fwp%2Fv2%2Fcomments&post=2207"}],"version-history":[{"count":2,"href":"https:\/\/www.burritabike.com\/index.php?rest_route=\/wp\/v2\/posts\/2207\/revisions"}],"predecessor-version":[{"id":2224,"href":"https:\/\/www.burritabike.com\/index.php?rest_route=\/wp\/v2\/posts\/2207\/revisions\/2224"}],"wp:attachment":[{"href":"https:\/\/www.burritabike.com\/index.php?rest_route=%2Fwp%2Fv2%2Fmedia&parent=2207"}],"wp:term":[{"taxonomy":"category","embeddable":true,"href":"https:\/\/www.burritabike.com\/index.php?rest_route=%2Fwp%2Fv2%2Fcategories&post=2207"},{"taxonomy":"post_tag","embeddable":true,"href":"https:\/\/www.burritabike.com\/index.php?rest_route=%2Fwp%2Fv2%2Ftags&post=2207"}],"curies":[{"name":"wp","href":"https:\/\/api.w.org\/{rel}","templated":true}]}}