{"id":11050,"date":"2023-02-02T18:25:42","date_gmt":"2023-02-02T18:25:42","guid":{"rendered":"https:\/\/www.burritabike.com\/?p=11050"},"modified":"2023-02-02T18:30:30","modified_gmt":"2023-02-02T18:30:30","slug":"la-nueva-decoracion-del-astana-qazaqstan-team-en-2023-de-la-mano-de-wilier-triestina","status":"publish","type":"post","link":"https:\/\/www.burritabike.com\/?p=11050","title":{"rendered":"La nueva decoraci\u00f3n del Astana Qazaqstan Team en 2023 de la mano de Wilier Triestina"},"content":{"rendered":"\n<p>Con la llegada de Mark Cavendish, el equipo Astana Qazaqstan ahora est\u00e1 completo.\u00a0Dentro del pelot\u00f3n, los esquemas de color de Wilier Triestina ser\u00e1n un s\u00edmbolo m\u00e1s de distinci\u00f3n para el equipo de ciclistas de Kazajst\u00e1n.<\/p>\n\n\n\n<p>Con\u00f3celas a fondo <a href=\"https:\/\/journal.wilier.com\/en\/its-all-about-the-detail-the-new-livery-for-the-astana-qazaqstan-team-in-2023\/\" target=\"_blank\" rel=\"noreferrer noopener\">aqu\u00ed:<\/a><\/p>\n\n\n\n<figure class=\"wp-block-gallery has-nested-images columns-default is-cropped wp-block-gallery-1 is-layout-flex\">\n<figure class=\"wp-block-image size-large\"><a href=\"https:\/\/www.burritabike.com\/wp-content\/uploads\/2023\/02\/wilier-zero-team-astana-2023-1.jpg\"><img decoding=\"async\" loading=\"lazy\" width=\"1024\" height=\"600\" data-id=\"11052\"  src=\"https:\/\/www.burritabike.com\/wp-content\/uploads\/2023\/02\/wilier-zero-team-astana-2023-1.jpg\" alt=\"\" class=\"wp-image-11052\" srcset=\"https:\/\/www.burritabike.com\/wp-content\/uploads\/2023\/02\/wilier-zero-team-astana-2023-1.jpg 1024w, https:\/\/www.burritabike.com\/wp-content\/uploads\/2023\/02\/wilier-zero-team-astana-2023-1-300x176.jpg 300w, https:\/\/www.burritabike.com\/wp-content\/uploads\/2023\/02\/wilier-zero-team-astana-2023-1-768x450.jpg 768w\" sizes=\"(max-width: 1024px) 100vw, 1024px\" \/><\/a><\/figure>\n\n\n\n<figure class=\"wp-block-image size-large\"><a href=\"https:\/\/www.burritabike.com\/wp-content\/uploads\/2023\/02\/header-astana_2023._wilier_zero.jpg\"><img decoding=\"async\" loading=\"lazy\" width=\"1024\" height=\"421\" data-id=\"11053\"  src=\"https:\/\/www.burritabike.com\/wp-content\/uploads\/2023\/02\/header-astana_2023._wilier_zero-1024x421.jpg\" alt=\"\" class=\"wp-image-11053\" srcset=\"https:\/\/www.burritabike.com\/wp-content\/uploads\/2023\/02\/header-astana_2023._wilier_zero-1024x421.jpg 1024w, https:\/\/www.burritabike.com\/wp-content\/uploads\/2023\/02\/header-astana_2023._wilier_zero-300x123.jpg 300w, https:\/\/www.burritabike.com\/wp-content\/uploads\/2023\/02\/header-astana_2023._wilier_zero-768x316.jpg 768w, https:\/\/www.burritabike.com\/wp-content\/uploads\/2023\/02\/header-astana_2023._wilier_zero.jpg 1480w\" sizes=\"(max-width: 1024px) 100vw, 1024px\" \/><\/a><\/figure>\n\n\n\n<figure class=\"wp-block-image size-large\"><a href=\"https:\/\/www.burritabike.com\/wp-content\/uploads\/2023\/02\/header-astana_2023_filante.jpg\"><img decoding=\"async\" loading=\"lazy\" width=\"1024\" height=\"421\" data-id=\"11054\"  src=\"https:\/\/www.burritabike.com\/wp-content\/uploads\/2023\/02\/header-astana_2023_filante-1024x421.jpg\" alt=\"\" class=\"wp-image-11054\" srcset=\"https:\/\/www.burritabike.com\/wp-content\/uploads\/2023\/02\/header-astana_2023_filante-1024x421.jpg 1024w, https:\/\/www.burritabike.com\/wp-content\/uploads\/2023\/02\/header-astana_2023_filante-300x123.jpg 300w, https:\/\/www.burritabike.com\/wp-content\/uploads\/2023\/02\/header-astana_2023_filante-768x316.jpg 768w, https:\/\/www.burritabike.com\/wp-content\/uploads\/2023\/02\/header-astana_2023_filante.jpg 1480w\" sizes=\"(max-width: 1024px) 100vw, 1024px\" \/><\/a><\/figure>\n<\/figure>\n\n\n\n<p><\/p>\n","protected":false},"excerpt":{"rendered":"<p>Con la llegada de Mark Cavendish, el equipo Astana Qazaqstan ahora est\u00e1 completo.\u00a0Dentro del pelot\u00f3n, los esquemas de color de Wilier Triestina ser\u00e1n un s\u00edmbolo m\u00e1s de distinci\u00f3n para el equipo de ciclistas de Kazajst\u00e1n. Con\u00f3celas a fondo aqu\u00ed:<\/p>\n","protected":false},"author":3,"featured_media":11053,"comment_status":"closed","ping_status":"open","sticky":true,"template":"","format":"standard","meta":{"_mi_skip_tracking":false,"_themeisle_gutenberg_block_has_review":false,"jetpack_publicize_message":"","jetpack_is_tweetstorm":false,"jetpack_publicize_feature_enabled":true,"jetpack_social_post_already_shared":false,"jetpack_social_options":[]},"categories":[41],"tags":[],"jetpack_publicize_connections":[],"yoast_head":"<!-- This site is optimized with the Yoast SEO plugin v19.14 - https:\/\/yoast.com\/wordpress\/plugins\/seo\/ -->\n<title>La nueva decoraci\u00f3n del Astana Qazaqstan Team en 2023 de la mano de Wilier Triestina - Burrita Bike Store<\/title>\n<meta name=\"description\" content=\"Astana Qazaqstan Team , los colores de Wilier y Marc Cavendish\" \/>\n<meta name=\"robots\" content=\"index, follow, max-snippet:-1, max-image-preview:large, max-video-preview:-1\" \/>\n<link rel=\"canonical\" href=\"https:\/\/www.burritabike.com\/?p=11050\" \/>\n<meta property=\"og:locale\" content=\"es_ES\" \/>\n<meta property=\"og:type\" content=\"article\" \/>\n<meta property=\"og:title\" content=\"La nueva decoraci\u00f3n del Astana Qazaqstan Team en 2023 de la mano de Wilier Triestina - Burrita Bike Store\" \/>\n<meta property=\"og:description\" content=\"Astana Qazaqstan Team , los colores de Wilier y Marc Cavendish\" \/>\n<meta property=\"og:url\" content=\"https:\/\/www.burritabike.com\/?p=11050\" \/>\n<meta property=\"og:site_name\" content=\"Burrita Bike Store\" \/>\n<meta property=\"article:publisher\" content=\"https:\/\/www.facebook.com\/Burrita-Bike-175649685843399\/\" \/>\n<meta property=\"article:published_time\" content=\"2023-02-02T18:25:42+00:00\" \/>\n<meta property=\"article:modified_time\" content=\"2023-02-02T18:30:30+00:00\" \/>\n<meta property=\"og:image\" content=\"https:\/\/www.burritabike.com\/wp-content\/uploads\/2023\/02\/header-astana_2023._wilier_zero.jpg\" \/>\n\t<meta property=\"og:image:width\" content=\"1480\" \/>\n\t<meta property=\"og:image:height\" content=\"609\" \/>\n\t<meta property=\"og:image:type\" content=\"image\/jpeg\" \/>\n<meta name=\"author\" content=\"BURRITA BIKE\" \/>\n<meta name=\"twitter:card\" content=\"summary_large_image\" \/>\n<meta name=\"twitter:creator\" content=\"@burritabike\" \/>\n<meta name=\"twitter:site\" content=\"@burritabike\" \/>\n<meta name=\"twitter:label1\" content=\"Escrito por\" \/>\n\t<meta name=\"twitter:data1\" content=\"BURRITA BIKE\" \/>\n\t<meta name=\"twitter:label2\" content=\"Tiempo de lectura\" \/>\n\t<meta name=\"twitter:data2\" content=\"1 minuto\" \/>\n<script type=\"application\/ld+json\" class=\"yoast-schema-graph\">{\"@context\":\"https:\/\/schema.org\",\"@graph\":[{\"@type\":\"Article\",\"@id\":\"https:\/\/www.burritabike.com\/?p=11050#article\",\"isPartOf\":{\"@id\":\"https:\/\/www.burritabike.com\/?p=11050\"},\"author\":{\"name\":\"BURRITA BIKE\",\"@id\":\"https:\/\/www.burritabike.com\/#\/schema\/person\/87128dbb8b154341eafc70d2910b2456\"},\"headline\":\"La nueva decoraci\u00f3n del Astana Qazaqstan Team en 2023 de la mano de Wilier Triestina\",\"datePublished\":\"2023-02-02T18:25:42+00:00\",\"dateModified\":\"2023-02-02T18:30:30+00:00\",\"mainEntityOfPage\":{\"@id\":\"https:\/\/www.burritabike.com\/?p=11050\"},\"wordCount\":62,\"publisher\":{\"@id\":\"https:\/\/www.burritabike.com\/#organization\"},\"articleSection\":[\"BurritaBike\"],\"inLanguage\":\"es\"},{\"@type\":\"WebPage\",\"@id\":\"https:\/\/www.burritabike.com\/?p=11050\",\"url\":\"https:\/\/www.burritabike.com\/?p=11050\",\"name\":\"La nueva decoraci\u00f3n del Astana Qazaqstan Team en 2023 de la mano de Wilier Triestina - Burrita Bike Store\",\"isPartOf\":{\"@id\":\"https:\/\/www.burritabike.com\/#website\"},\"datePublished\":\"2023-02-02T18:25:42+00:00\",\"dateModified\":\"2023-02-02T18:30:30+00:00\",\"description\":\"Astana Qazaqstan Team , los colores de Wilier y Marc Cavendish\",\"breadcrumb\":{\"@id\":\"https:\/\/www.burritabike.com\/?p=11050#breadcrumb\"},\"inLanguage\":\"es\",\"potentialAction\":[{\"@type\":\"ReadAction\",\"target\":[\"https:\/\/www.burritabike.com\/?p=11050\"]}]},{\"@type\":\"BreadcrumbList\",\"@id\":\"https:\/\/www.burritabike.com\/?p=11050#breadcrumb\",\"itemListElement\":[{\"@type\":\"ListItem\",\"position\":1,\"name\":\"Portada\",\"item\":\"https:\/\/www.burritabike.com\/\"},{\"@type\":\"ListItem\",\"position\":2,\"name\":\"La nueva decoraci\u00f3n del Astana Qazaqstan Team en 2023 de la mano de Wilier Triestina\"}]},{\"@type\":\"WebSite\",\"@id\":\"https:\/\/www.burritabike.com\/#website\",\"url\":\"https:\/\/www.burritabike.com\/\",\"name\":\"Burrita Bike Store\",\"description\":\"Pasi\u00f3n por el Ciclismo\",\"publisher\":{\"@id\":\"https:\/\/www.burritabike.com\/#organization\"},\"potentialAction\":[{\"@type\":\"SearchAction\",\"target\":{\"@type\":\"EntryPoint\",\"urlTemplate\":\"https:\/\/www.burritabike.com\/?s={search_term_string}\"},\"query-input\":\"required name=search_term_string\"}],\"inLanguage\":\"es\"},{\"@type\":\"Organization\",\"@id\":\"https:\/\/www.burritabike.com\/#organization\",\"name\":\"BURRITA BIKE STORE\",\"url\":\"https:\/\/www.burritabike.com\/\",\"logo\":{\"@type\":\"ImageObject\",\"inLanguage\":\"es\",\"@id\":\"https:\/\/www.burritabike.com\/#\/schema\/logo\/image\/\",\"url\":\"https:\/\/www.burritabike.com\/wp-content\/uploads\/2019\/03\/logo-burrita-completo-con-copyrigth.jpg\",\"contentUrl\":\"https:\/\/www.burritabike.com\/wp-content\/uploads\/2019\/03\/logo-burrita-completo-con-copyrigth.jpg\",\"width\":908,\"height\":845,\"caption\":\"BURRITA BIKE STORE\"},\"image\":{\"@id\":\"https:\/\/www.burritabike.com\/#\/schema\/logo\/image\/\"},\"sameAs\":[\"https:\/\/www.instagram.com\/burritabike\/\",\"https:\/\/www.facebook.com\/Burrita-Bike-175649685843399\/\",\"https:\/\/twitter.com\/burritabike\"]},{\"@type\":\"Person\",\"@id\":\"https:\/\/www.burritabike.com\/#\/schema\/person\/87128dbb8b154341eafc70d2910b2456\",\"name\":\"BURRITA BIKE\",\"image\":{\"@type\":\"ImageObject\",\"inLanguage\":\"es\",\"@id\":\"https:\/\/www.burritabike.com\/#\/schema\/person\/image\/\",\"url\":\"https:\/\/secure.gravatar.com\/avatar\/00123286d33db4be78d2b35c0fedb4af?s=96&d=mm&r=g\",\"contentUrl\":\"https:\/\/secure.gravatar.com\/avatar\/00123286d33db4be78d2b35c0fedb4af?s=96&d=mm&r=g\",\"caption\":\"BURRITA BIKE\"},\"sameAs\":[\"http:\/\/www.burritabike.com\"]}]}<\/script>\n<!-- \/ Yoast SEO plugin. -->","yoast_head_json":{"title":"La nueva decoraci\u00f3n del Astana Qazaqstan Team en 2023 de la mano de Wilier Triestina - Burrita Bike Store","description":"Astana Qazaqstan Team , los colores de Wilier y Marc Cavendish","robots":{"index":"index","follow":"follow","max-snippet":"max-snippet:-1","max-image-preview":"max-image-preview:large","max-video-preview":"max-video-preview:-1"},"canonical":"https:\/\/www.burritabike.com\/?p=11050","og_locale":"es_ES","og_type":"article","og_title":"La nueva decoraci\u00f3n del Astana Qazaqstan Team en 2023 de la mano de Wilier Triestina - Burrita Bike Store","og_description":"Astana Qazaqstan Team , los colores de Wilier y Marc Cavendish","og_url":"https:\/\/www.burritabike.com\/?p=11050","og_site_name":"Burrita Bike Store","article_publisher":"https:\/\/www.facebook.com\/Burrita-Bike-175649685843399\/","article_published_time":"2023-02-02T18:25:42+00:00","article_modified_time":"2023-02-02T18:30:30+00:00","og_image":[{"width":1480,"height":609,"url":"https:\/\/www.burritabike.com\/wp-content\/uploads\/2023\/02\/header-astana_2023._wilier_zero.jpg","type":"image\/jpeg"}],"author":"BURRITA BIKE","twitter_card":"summary_large_image","twitter_creator":"@burritabike","twitter_site":"@burritabike","twitter_misc":{"Escrito por":"BURRITA BIKE","Tiempo de lectura":"1 minuto"},"schema":{"@context":"https:\/\/schema.org","@graph":[{"@type":"Article","@id":"https:\/\/www.burritabike.com\/?p=11050#article","isPartOf":{"@id":"https:\/\/www.burritabike.com\/?p=11050"},"author":{"name":"BURRITA BIKE","@id":"https:\/\/www.burritabike.com\/#\/schema\/person\/87128dbb8b154341eafc70d2910b2456"},"headline":"La nueva decoraci\u00f3n del Astana Qazaqstan Team en 2023 de la mano de Wilier Triestina","datePublished":"2023-02-02T18:25:42+00:00","dateModified":"2023-02-02T18:30:30+00:00","mainEntityOfPage":{"@id":"https:\/\/www.burritabike.com\/?p=11050"},"wordCount":62,"publisher":{"@id":"https:\/\/www.burritabike.com\/#organization"},"articleSection":["BurritaBike"],"inLanguage":"es"},{"@type":"WebPage","@id":"https:\/\/www.burritabike.com\/?p=11050","url":"https:\/\/www.burritabike.com\/?p=11050","name":"La nueva decoraci\u00f3n del Astana Qazaqstan Team en 2023 de la mano de Wilier Triestina - Burrita Bike Store","isPartOf":{"@id":"https:\/\/www.burritabike.com\/#website"},"datePublished":"2023-02-02T18:25:42+00:00","dateModified":"2023-02-02T18:30:30+00:00","description":"Astana Qazaqstan Team , los colores de Wilier y Marc Cavendish","breadcrumb":{"@id":"https:\/\/www.burritabike.com\/?p=11050#breadcrumb"},"inLanguage":"es","potentialAction":[{"@type":"ReadAction","target":["https:\/\/www.burritabike.com\/?p=11050"]}]},{"@type":"BreadcrumbList","@id":"https:\/\/www.burritabike.com\/?p=11050#breadcrumb","itemListElement":[{"@type":"ListItem","position":1,"name":"Portada","item":"https:\/\/www.burritabike.com\/"},{"@type":"ListItem","position":2,"name":"La nueva decoraci\u00f3n del Astana Qazaqstan Team en 2023 de la mano de Wilier Triestina"}]},{"@type":"WebSite","@id":"https:\/\/www.burritabike.com\/#website","url":"https:\/\/www.burritabike.com\/","name":"Burrita Bike Store","description":"Pasi\u00f3n por el Ciclismo","publisher":{"@id":"https:\/\/www.burritabike.com\/#organization"},"potentialAction":[{"@type":"SearchAction","target":{"@type":"EntryPoint","urlTemplate":"https:\/\/www.burritabike.com\/?s={search_term_string}"},"query-input":"required name=search_term_string"}],"inLanguage":"es"},{"@type":"Organization","@id":"https:\/\/www.burritabike.com\/#organization","name":"BURRITA BIKE STORE","url":"https:\/\/www.burritabike.com\/","logo":{"@type":"ImageObject","inLanguage":"es","@id":"https:\/\/www.burritabike.com\/#\/schema\/logo\/image\/","url":"https:\/\/www.burritabike.com\/wp-content\/uploads\/2019\/03\/logo-burrita-completo-con-copyrigth.jpg","contentUrl":"https:\/\/www.burritabike.com\/wp-content\/uploads\/2019\/03\/logo-burrita-completo-con-copyrigth.jpg","width":908,"height":845,"caption":"BURRITA BIKE STORE"},"image":{"@id":"https:\/\/www.burritabike.com\/#\/schema\/logo\/image\/"},"sameAs":["https:\/\/www.instagram.com\/burritabike\/","https:\/\/www.facebook.com\/Burrita-Bike-175649685843399\/","https:\/\/twitter.com\/burritabike"]},{"@type":"Person","@id":"https:\/\/www.burritabike.com\/#\/schema\/person\/87128dbb8b154341eafc70d2910b2456","name":"BURRITA BIKE","image":{"@type":"ImageObject","inLanguage":"es","@id":"https:\/\/www.burritabike.com\/#\/schema\/person\/image\/","url":"https:\/\/secure.gravatar.com\/avatar\/00123286d33db4be78d2b35c0fedb4af?s=96&d=mm&r=g","contentUrl":"https:\/\/secure.gravatar.com\/avatar\/00123286d33db4be78d2b35c0fedb4af?s=96&d=mm&r=g","caption":"BURRITA BIKE"},"sameAs":["http:\/\/www.burritabike.com"]}]}},"_links":{"self":[{"href":"https:\/\/www.burritabike.com\/index.php?rest_route=\/wp\/v2\/posts\/11050"}],"collection":[{"href":"https:\/\/www.burritabike.com\/index.php?rest_route=\/wp\/v2\/posts"}],"about":[{"href":"https:\/\/www.burritabike.com\/index.php?rest_route=\/wp\/v2\/types\/post"}],"author":[{"embeddable":true,"href":"https:\/\/www.burritabike.com\/index.php?rest_route=\/wp\/v2\/users\/3"}],"replies":[{"embeddable":true,"href":"https:\/\/www.burritabike.com\/index.php?rest_route=%2Fwp%2Fv2%2Fcomments&post=11050"}],"version-history":[{"count":1,"href":"https:\/\/www.burritabike.com\/index.php?rest_route=\/wp\/v2\/posts\/11050\/revisions"}],"predecessor-version":[{"id":11055,"href":"https:\/\/www.burritabike.com\/index.php?rest_route=\/wp\/v2\/posts\/11050\/revisions\/11055"}],"wp:featuredmedia":[{"embeddable":true,"href":"https:\/\/www.burritabike.com\/index.php?rest_route=\/wp\/v2\/media\/11053"}],"wp:attachment":[{"href":"https:\/\/www.burritabike.com\/index.php?rest_route=%2Fwp%2Fv2%2Fmedia&parent=11050"}],"wp:term":[{"taxonomy":"category","embeddable":true,"href":"https:\/\/www.burritabike.com\/index.php?rest_route=%2Fwp%2Fv2%2Fcategories&post=11050"},{"taxonomy":"post_tag","embeddable":true,"href":"https:\/\/www.burritabike.com\/index.php?rest_route=%2Fwp%2Fv2%2Ftags&post=11050"}],"curies":[{"name":"wp","href":"https:\/\/api.w.org\/{rel}","templated":true}]}}